{"id":19321,"date":"2018-10-18T00:00:26","date_gmt":"2018-10-17T22:00:26","guid":{"rendered":"https:\/\/www.santamargherita.net\/magazine\/?p=19321"},"modified":"2019-02-27T15:03:01","modified_gmt":"2019-02-27T14:03:01","slug":"se-il-contenitore-e-lo-specchio-del-contenuto-i-rivestimenti-in-marmo-e-quarzo-di-santamargherita","status":"publish","type":"post","link":"https:\/\/www.santamargherita.net\/magazine\/se-il-contenitore-e-lo-specchio-del-contenuto-i-rivestimenti-in-marmo-e-quarzo-di-santamargherita\/","title":{"rendered":"Se il contenitore \u00e8 lo specchio del contenuto"},"content":{"rendered":"<h2>I rivestimenti in marmo e quarzo di Santamargherita<\/h2>\n<p><!--more--><br \/>\nOperando nel mercato degli spazi abitativi e delle grandi opere, Santamargherita pensa in grande da oltre 50 anni. L\u2019azienda del veronese guida i propri sviluppi interni di ricerca e sperimentazione sui materiali da rivestimento concatenandoli ai processi evolutivi dell\u2019architettura e del design. <strong>Ma come ci si approccia al mondo dei rivestimenti?<\/strong><\/p>\n<p>Quando un committente mi chiede di progettare uno spazio di interni, sia esso home, contract o retail, spesso si focalizza sin da subito sullo stile dell\u2019arredamento. C\u2019\u00e8 qualcosa che lo spinge a concentrarsi di getto su <strong>quello che ci sar\u00e0 in uno spazio<\/strong>, su ci\u00f2 che riempir\u00e0 lo spazio stesso. Chi si occupa di progettazione, invece, attua un processo immaginifico differente, in un certo senso inverso. Prima ancora di riflettere su ci\u00f2 che popoler\u00e0 uno spazio, si concentra su cosa (e come) creer\u00e0 lo spazio. L\u2019eterno rapporto dicotomico fra <strong>contenuto e contenitore<\/strong>, fra l\u2019involucro e il suo interno, fra creativit\u00e0 e consapevolezza degli ambienti.<\/p>\n<p>L\u2019errore che sovente si commette \u00e8 pensare che i pavimenti e le pareti contribuiscano solo in modo marginale alla completezza di un ambiente.<br \/>\n<strong>I rivestimenti plasmano le tensioni tra un pieno e un vuoto<\/strong>, definendo linee, simmetrie e forme che, con la complicit\u00e0 dell\u2019elemento luce, tracciano profondit\u00e0 e prospettive inedite. I rivestimenti sono un po\u2019 la voce degli ambienti, senza i quali l\u2019arredamento sarebbe muto, monco, sterile. Nei rivestimenti sono la materia, le texture, i colori e le finiture a giocare un ruolo cruciale.<\/p>\n<p><img loading=\"lazy\" decoding=\"async\" class=\"alignnone wp-image-19330 size-full\" src=\"https:\/\/www.santamargherita.net\/magazine\/wp-content\/uploads\/2018\/10\/contenitore_specchio_contenuto_2_new.png\" alt=\"\" width=\"1024\" height=\"1535\" \/><\/p>\n<p>Quando pareti e pavimenti sono inseriti in un progetto con ragion d\u2019essere, l\u2019intero spazio ne guadagna in qualit\u00e0. <strong>I rivestimenti sono l\u2019anima materica di un interno<\/strong>, danno valore all\u2019insieme, sublimano lo stile, suggeriscono un senso immediato di ricercatezza.<\/p>\n<p><img loading=\"lazy\" decoding=\"async\" class=\"alignnone wp-image-19334 size-full\" src=\"https:\/\/www.santamargherita.net\/magazine\/wp-content\/uploads\/2018\/10\/contenitore_specchio_contenuto_4.png\" alt=\"\" width=\"1024\" height=\"1041\" srcset=\"https:\/\/www.santamargherita.net\/magazine\/wp-content\/uploads\/2018\/10\/contenitore_specchio_contenuto_4.png 1024w, https:\/\/www.santamargherita.net\/magazine\/wp-content\/uploads\/2018\/10\/contenitore_specchio_contenuto_4-295x300.png 295w, https:\/\/www.santamargherita.net\/magazine\/wp-content\/uploads\/2018\/10\/contenitore_specchio_contenuto_4-768x781.png 768w, https:\/\/www.santamargherita.net\/magazine\/wp-content\/uploads\/2018\/10\/contenitore_specchio_contenuto_4-1007x1024.png 1007w, https:\/\/www.santamargherita.net\/magazine\/wp-content\/uploads\/2018\/10\/contenitore_specchio_contenuto_4-202x205.png 202w\" sizes=\"auto, (max-width: 1024px) 100vw, 1024px\" \/><\/p>\n<p>Santamargherita agisce in un ecosistema in cui convivono due realt\u00e0 progettuali distinte: l\u2019architettura e il design. Lanciare una nuova collezione di rivestimenti significa cogliere per tempo i trend emergenti in questi due mondi, mettendo sullo stesso piano progettualit\u00e0, visione, resa e allestimenti. <strong>Ecco perch\u00e9 ricerca e sperimentazione sono due processi aziendali inarrestabili.<\/strong><\/p>\n<p>Tra le varie possibilit\u00e0 di rivestimenti disponibili al giorno d\u2019oggi ci sono alcuni materiali di prestigio che combinano sapiente maestria produttiva ad ottima resa estetica. Mi riferisco agli agglomerati in <strong>quarzo e marmo<\/strong>. Questi agglomerati sono composti da materiale lapideo frammentato e da una sostanza legante che li rende compatti.<\/p>\n<p>Quelli in quarzo sono costituiti da sabbie di quarzo unite a delle resine selezionate, invece, gli agglomerati di marmo sono costituiti da graniglie e scaglie di marmi pregiati uniti, ancora una volta, a delle resine.<\/p>\n<p>Queste tipologie di materiali sono molto versatili. Data l\u2019ampia scelta di formati, colori e finiture consentono una pressoch\u00e9 infinita caratterizzazione di stile.<\/p>\n<p><img loading=\"lazy\" decoding=\"async\" class=\"alignnone wp-image-19328 size-full\" src=\"https:\/\/www.santamargherita.net\/magazine\/wp-content\/uploads\/2018\/10\/contenitore_specchio_contenuto_1.png\" alt=\"\" width=\"1024\" height=\"866\" srcset=\"https:\/\/www.santamargherita.net\/magazine\/wp-content\/uploads\/2018\/10\/contenitore_specchio_contenuto_1.png 1024w, https:\/\/www.santamargherita.net\/magazine\/wp-content\/uploads\/2018\/10\/contenitore_specchio_contenuto_1-300x254.png 300w, https:\/\/www.santamargherita.net\/magazine\/wp-content\/uploads\/2018\/10\/contenitore_specchio_contenuto_1-768x650.png 768w, https:\/\/www.santamargherita.net\/magazine\/wp-content\/uploads\/2018\/10\/contenitore_specchio_contenuto_1-242x205.png 242w\" sizes=\"auto, (max-width: 1024px) 100vw, 1024px\" \/><\/p>\n<p>&nbsp;<\/p>\n<p><img loading=\"lazy\" decoding=\"async\" class=\"alignnone wp-image-19332 size-full\" src=\"https:\/\/www.santamargherita.net\/magazine\/wp-content\/uploads\/2018\/10\/contenitore_specchio_contenuto_3.png\" alt=\"\" width=\"1024\" height=\"639\" srcset=\"https:\/\/www.santamargherita.net\/magazine\/wp-content\/uploads\/2018\/10\/contenitore_specchio_contenuto_3.png 1024w, https:\/\/www.santamargherita.net\/magazine\/wp-content\/uploads\/2018\/10\/contenitore_specchio_contenuto_3-300x187.png 300w, https:\/\/www.santamargherita.net\/magazine\/wp-content\/uploads\/2018\/10\/contenitore_specchio_contenuto_3-768x479.png 768w, https:\/\/www.santamargherita.net\/magazine\/wp-content\/uploads\/2018\/10\/contenitore_specchio_contenuto_3-800x500.png 800w, https:\/\/www.santamargherita.net\/magazine\/wp-content\/uploads\/2018\/10\/contenitore_specchio_contenuto_3-329x205.png 329w\" sizes=\"auto, (max-width: 1024px) 100vw, 1024px\" \/><\/p>\n<p>\u00c8 possibile ottenere un ambiente estremamente moderno, con un colore intenso dalla finitura specchiata o uno stile pi\u00f9 sobrio puntando su colori tenui e finiture satinate. Per gli amanti del super chic, esistono anche varianti dai colori chiari con finiture lucide. E cos\u00ec via per altre centinaia di combinazioni. <strong>I marmi e quarzi di Santamargherita<\/strong> non solo conferiscono generosit\u00e0 formale agli ambienti, ma <strong>concretizzano anche la dimensione dell\u2019arredamento con cui si confrontano<\/strong>. Un contenitore che si emblema a contenuto e che accresce la forza estetica del suo interno.<\/p>\n<p><img loading=\"lazy\" decoding=\"async\" class=\"alignnone wp-image-19336 size-full\" src=\"https:\/\/www.santamargherita.net\/magazine\/wp-content\/uploads\/2018\/10\/contenitore_specchio_contenuto_5.png\" alt=\"\" width=\"1024\" height=\"621\" srcset=\"https:\/\/www.santamargherita.net\/magazine\/wp-content\/uploads\/2018\/10\/contenitore_specchio_contenuto_5.png 1024w, https:\/\/www.santamargherita.net\/magazine\/wp-content\/uploads\/2018\/10\/contenitore_specchio_contenuto_5-300x182.png 300w, https:\/\/www.santamargherita.net\/magazine\/wp-content\/uploads\/2018\/10\/contenitore_specchio_contenuto_5-768x466.png 768w, https:\/\/www.santamargherita.net\/magazine\/wp-content\/uploads\/2018\/10\/contenitore_specchio_contenuto_5-338x205.png 338w\" sizes=\"auto, (max-width: 1024px) 100vw, 1024px\" \/><\/p>\n<p style=\"text-align: right;\"><em>Camilla Bellini<\/em><\/p>\n","protected":false},"excerpt":{"rendered":"<p>I rivestimenti in marmo e quarzo di Santamargherita<\/p>\n","protected":false},"author":3,"featured_media":19482,"comment_status":"open","ping_status":"open","sticky":false,"template":"","format":"standard","meta":{"_acf_changed":false,"footnotes":""},"categories":[159],"tags":[293],"class_list":["post-19321","post","type-post","status-publish","format-standard","has-post-thumbnail","hentry","category-pavimenti","tag-contributor-post"],"acf":[],"yoast_head":"<!-- This site is optimized with the Yoast SEO plugin v26.6 - https:\/\/yoast.com\/wordpress\/plugins\/seo\/ -->\n<title>Se il contenitore \u00e8 lo specchio del contenuto - SantamargheritaMAG<\/title>\n<meta name=\"robots\" content=\"index, follow, max-snippet:-1, max-image-preview:large, max-video-preview:-1\" \/>\n<link rel=\"canonical\" href=\"https:\/\/www.santamargherita.net\/magazine\/se-il-contenitore-e-lo-specchio-del-contenuto-i-rivestimenti-in-marmo-e-quarzo-di-santamargherita\/\" \/>\n<meta property=\"og:locale\" content=\"it_IT\" \/>\n<meta property=\"og:type\" content=\"article\" \/>\n<meta property=\"og:title\" content=\"Se il contenitore \u00e8 lo specchio del contenuto - SantamargheritaMAG\" \/>\n<meta property=\"og:description\" content=\"I rivestimenti in marmo e quarzo di Santamargherita\" \/>\n<meta property=\"og:url\" content=\"https:\/\/www.santamargherita.net\/magazine\/se-il-contenitore-e-lo-specchio-del-contenuto-i-rivestimenti-in-marmo-e-quarzo-di-santamargherita\/\" \/>\n<meta property=\"og:site_name\" content=\"SantamargheritaMAG\" \/>\n<meta property=\"article:published_time\" content=\"2018-10-17T22:00:26+00:00\" \/>\n<meta property=\"article:modified_time\" content=\"2019-02-27T14:03:01+00:00\" \/>\n<meta property=\"og:image\" content=\"https:\/\/www.santamargherita.net\/magazine\/wp-content\/uploads\/2018\/10\/camilla_bellini.jpg\" \/>\n\t<meta property=\"og:image:width\" content=\"1920\" \/>\n\t<meta property=\"og:image:height\" content=\"1067\" \/>\n\t<meta property=\"og:image:type\" content=\"image\/jpeg\" \/>\n<meta name=\"author\" content=\"Pierluigi Pavan\" \/>\n<meta name=\"twitter:card\" content=\"summary_large_image\" \/>\n<meta name=\"twitter:label1\" content=\"Scritto da\" \/>\n\t<meta name=\"twitter:data1\" content=\"Pierluigi Pavan\" \/>\n\t<meta name=\"twitter:label2\" content=\"Tempo di lettura stimato\" \/>\n\t<meta name=\"twitter:data2\" content=\"3 minuti\" \/>\n<script type=\"application\/ld+json\" class=\"yoast-schema-graph\">{\"@context\":\"https:\/\/schema.org\",\"@graph\":[{\"@type\":\"Article\",\"@id\":\"https:\/\/www.santamargherita.net\/magazine\/se-il-contenitore-e-lo-specchio-del-contenuto-i-rivestimenti-in-marmo-e-quarzo-di-santamargherita\/#article\",\"isPartOf\":{\"@id\":\"https:\/\/www.santamargherita.net\/magazine\/se-il-contenitore-e-lo-specchio-del-contenuto-i-rivestimenti-in-marmo-e-quarzo-di-santamargherita\/\"},\"author\":{\"name\":\"Pierluigi Pavan\",\"@id\":\"https:\/\/www.santamargherita.net\/magazine\/#\/schema\/person\/99212abdc26c7165720e9e851e62ea4e\"},\"headline\":\"Se il contenitore \u00e8 lo specchio del contenuto\",\"datePublished\":\"2018-10-17T22:00:26+00:00\",\"dateModified\":\"2019-02-27T14:03:01+00:00\",\"mainEntityOfPage\":{\"@id\":\"https:\/\/www.santamargherita.net\/magazine\/se-il-contenitore-e-lo-specchio-del-contenuto-i-rivestimenti-in-marmo-e-quarzo-di-santamargherita\/\"},\"wordCount\":555,\"commentCount\":0,\"publisher\":{\"@id\":\"https:\/\/www.santamargherita.net\/magazine\/#organization\"},\"image\":{\"@id\":\"https:\/\/www.santamargherita.net\/magazine\/se-il-contenitore-e-lo-specchio-del-contenuto-i-rivestimenti-in-marmo-e-quarzo-di-santamargherita\/#primaryimage\"},\"thumbnailUrl\":\"https:\/\/www.santamargherita.net\/magazine\/wp-content\/uploads\/2018\/10\/camilla_bellini.jpg\",\"keywords\":[\"Contributor Post\"],\"articleSection\":[\"Pavimenti\"],\"inLanguage\":\"it-IT\"},{\"@type\":\"WebPage\",\"@id\":\"https:\/\/www.santamargherita.net\/magazine\/se-il-contenitore-e-lo-specchio-del-contenuto-i-rivestimenti-in-marmo-e-quarzo-di-santamargherita\/\",\"url\":\"https:\/\/www.santamargherita.net\/magazine\/se-il-contenitore-e-lo-specchio-del-contenuto-i-rivestimenti-in-marmo-e-quarzo-di-santamargherita\/\",\"name\":\"Se il contenitore \u00e8 lo specchio del contenuto - SantamargheritaMAG\",\"isPartOf\":{\"@id\":\"https:\/\/www.santamargherita.net\/magazine\/#website\"},\"primaryImageOfPage\":{\"@id\":\"https:\/\/www.santamargherita.net\/magazine\/se-il-contenitore-e-lo-specchio-del-contenuto-i-rivestimenti-in-marmo-e-quarzo-di-santamargherita\/#primaryimage\"},\"image\":{\"@id\":\"https:\/\/www.santamargherita.net\/magazine\/se-il-contenitore-e-lo-specchio-del-contenuto-i-rivestimenti-in-marmo-e-quarzo-di-santamargherita\/#primaryimage\"},\"thumbnailUrl\":\"https:\/\/www.santamargherita.net\/magazine\/wp-content\/uploads\/2018\/10\/camilla_bellini.jpg\",\"datePublished\":\"2018-10-17T22:00:26+00:00\",\"dateModified\":\"2019-02-27T14:03:01+00:00\",\"breadcrumb\":{\"@id\":\"https:\/\/www.santamargherita.net\/magazine\/se-il-contenitore-e-lo-specchio-del-contenuto-i-rivestimenti-in-marmo-e-quarzo-di-santamargherita\/#breadcrumb\"},\"inLanguage\":\"it-IT\",\"potentialAction\":[{\"@type\":\"ReadAction\",\"target\":[\"https:\/\/www.santamargherita.net\/magazine\/se-il-contenitore-e-lo-specchio-del-contenuto-i-rivestimenti-in-marmo-e-quarzo-di-santamargherita\/\"]}]},{\"@type\":\"ImageObject\",\"inLanguage\":\"it-IT\",\"@id\":\"https:\/\/www.santamargherita.net\/magazine\/se-il-contenitore-e-lo-specchio-del-contenuto-i-rivestimenti-in-marmo-e-quarzo-di-santamargherita\/#primaryimage\",\"url\":\"https:\/\/www.santamargherita.net\/magazine\/wp-content\/uploads\/2018\/10\/camilla_bellini.jpg\",\"contentUrl\":\"https:\/\/www.santamargherita.net\/magazine\/wp-content\/uploads\/2018\/10\/camilla_bellini.jpg\",\"width\":1920,\"height\":1067},{\"@type\":\"BreadcrumbList\",\"@id\":\"https:\/\/www.santamargherita.net\/magazine\/se-il-contenitore-e-lo-specchio-del-contenuto-i-rivestimenti-in-marmo-e-quarzo-di-santamargherita\/#breadcrumb\",\"itemListElement\":[{\"@type\":\"ListItem\",\"position\":1,\"name\":\"Home\",\"item\":\"https:\/\/www.santamargherita.net\/magazine\/\"},{\"@type\":\"ListItem\",\"position\":2,\"name\":\"Se il contenitore \u00e8 lo specchio del contenuto\"}]},{\"@type\":\"WebSite\",\"@id\":\"https:\/\/www.santamargherita.net\/magazine\/#website\",\"url\":\"https:\/\/www.santamargherita.net\/magazine\/\",\"name\":\"SantamargheritaMAG\",\"description\":\"The Original Italian Surface\",\"publisher\":{\"@id\":\"https:\/\/www.santamargherita.net\/magazine\/#organization\"},\"potentialAction\":[{\"@type\":\"SearchAction\",\"target\":{\"@type\":\"EntryPoint\",\"urlTemplate\":\"https:\/\/www.santamargherita.net\/magazine\/?s={search_term_string}\"},\"query-input\":{\"@type\":\"PropertyValueSpecification\",\"valueRequired\":true,\"valueName\":\"search_term_string\"}}],\"inLanguage\":\"it-IT\"},{\"@type\":\"Organization\",\"@id\":\"https:\/\/www.santamargherita.net\/magazine\/#organization\",\"name\":\"Santa Margherita MAG\",\"url\":\"https:\/\/www.santamargherita.net\/magazine\/\",\"logo\":{\"@type\":\"ImageObject\",\"inLanguage\":\"it-IT\",\"@id\":\"https:\/\/www.santamargherita.net\/magazine\/#\/schema\/logo\/image\/\",\"url\":\"https:\/\/www.santamargherita.net\/magazine\/wp-content\/uploads\/2018\/10\/m.jpg\",\"contentUrl\":\"https:\/\/www.santamargherita.net\/magazine\/wp-content\/uploads\/2018\/10\/m.jpg\",\"width\":179,\"height\":179,\"caption\":\"Santa Margherita MAG\"},\"image\":{\"@id\":\"https:\/\/www.santamargherita.net\/magazine\/#\/schema\/logo\/image\/\"}},{\"@type\":\"Person\",\"@id\":\"https:\/\/www.santamargherita.net\/magazine\/#\/schema\/person\/99212abdc26c7165720e9e851e62ea4e\",\"name\":\"Pierluigi Pavan\",\"image\":{\"@type\":\"ImageObject\",\"inLanguage\":\"it-IT\",\"@id\":\"https:\/\/www.santamargherita.net\/magazine\/#\/schema\/person\/image\/\",\"url\":\"https:\/\/secure.gravatar.com\/avatar\/7ce6bf6e783e0629e8b9ac6ac803dbfdce406d0b088ee339a1071ee5b83931c0?s=96&d=mm&r=g\",\"contentUrl\":\"https:\/\/secure.gravatar.com\/avatar\/7ce6bf6e783e0629e8b9ac6ac803dbfdce406d0b088ee339a1071ee5b83931c0?s=96&d=mm&r=g\",\"caption\":\"Pierluigi Pavan\"},\"url\":\"https:\/\/www.santamargherita.net\/magazine\/author\/sm_admin\/\"}]}<\/script>\n<!-- \/ Yoast SEO plugin. -->","yoast_head_json":{"title":"Se il contenitore \u00e8 lo specchio del contenuto - SantamargheritaMAG","robots":{"index":"index","follow":"follow","max-snippet":"max-snippet:-1","max-image-preview":"max-image-preview:large","max-video-preview":"max-video-preview:-1"},"canonical":"https:\/\/www.santamargherita.net\/magazine\/se-il-contenitore-e-lo-specchio-del-contenuto-i-rivestimenti-in-marmo-e-quarzo-di-santamargherita\/","og_locale":"it_IT","og_type":"article","og_title":"Se il contenitore \u00e8 lo specchio del contenuto - SantamargheritaMAG","og_description":"I rivestimenti in marmo e quarzo di Santamargherita","og_url":"https:\/\/www.santamargherita.net\/magazine\/se-il-contenitore-e-lo-specchio-del-contenuto-i-rivestimenti-in-marmo-e-quarzo-di-santamargherita\/","og_site_name":"SantamargheritaMAG","article_published_time":"2018-10-17T22:00:26+00:00","article_modified_time":"2019-02-27T14:03:01+00:00","og_image":[{"width":1920,"height":1067,"url":"https:\/\/www.santamargherita.net\/magazine\/wp-content\/uploads\/2018\/10\/camilla_bellini.jpg","type":"image\/jpeg"}],"author":"Pierluigi Pavan","twitter_card":"summary_large_image","twitter_misc":{"Scritto da":"Pierluigi Pavan","Tempo di lettura stimato":"3 minuti"},"schema":{"@context":"https:\/\/schema.org","@graph":[{"@type":"Article","@id":"https:\/\/www.santamargherita.net\/magazine\/se-il-contenitore-e-lo-specchio-del-contenuto-i-rivestimenti-in-marmo-e-quarzo-di-santamargherita\/#article","isPartOf":{"@id":"https:\/\/www.santamargherita.net\/magazine\/se-il-contenitore-e-lo-specchio-del-contenuto-i-rivestimenti-in-marmo-e-quarzo-di-santamargherita\/"},"author":{"name":"Pierluigi Pavan","@id":"https:\/\/www.santamargherita.net\/magazine\/#\/schema\/person\/99212abdc26c7165720e9e851e62ea4e"},"headline":"Se il contenitore \u00e8 lo specchio del contenuto","datePublished":"2018-10-17T22:00:26+00:00","dateModified":"2019-02-27T14:03:01+00:00","mainEntityOfPage":{"@id":"https:\/\/www.santamargherita.net\/magazine\/se-il-contenitore-e-lo-specchio-del-contenuto-i-rivestimenti-in-marmo-e-quarzo-di-santamargherita\/"},"wordCount":555,"commentCount":0,"publisher":{"@id":"https:\/\/www.santamargherita.net\/magazine\/#organization"},"image":{"@id":"https:\/\/www.santamargherita.net\/magazine\/se-il-contenitore-e-lo-specchio-del-contenuto-i-rivestimenti-in-marmo-e-quarzo-di-santamargherita\/#primaryimage"},"thumbnailUrl":"https:\/\/www.santamargherita.net\/magazine\/wp-content\/uploads\/2018\/10\/camilla_bellini.jpg","keywords":["Contributor Post"],"articleSection":["Pavimenti"],"inLanguage":"it-IT"},{"@type":"WebPage","@id":"https:\/\/www.santamargherita.net\/magazine\/se-il-contenitore-e-lo-specchio-del-contenuto-i-rivestimenti-in-marmo-e-quarzo-di-santamargherita\/","url":"https:\/\/www.santamargherita.net\/magazine\/se-il-contenitore-e-lo-specchio-del-contenuto-i-rivestimenti-in-marmo-e-quarzo-di-santamargherita\/","name":"Se il contenitore \u00e8 lo specchio del contenuto - SantamargheritaMAG","isPartOf":{"@id":"https:\/\/www.santamargherita.net\/magazine\/#website"},"primaryImageOfPage":{"@id":"https:\/\/www.santamargherita.net\/magazine\/se-il-contenitore-e-lo-specchio-del-contenuto-i-rivestimenti-in-marmo-e-quarzo-di-santamargherita\/#primaryimage"},"image":{"@id":"https:\/\/www.santamargherita.net\/magazine\/se-il-contenitore-e-lo-specchio-del-contenuto-i-rivestimenti-in-marmo-e-quarzo-di-santamargherita\/#primaryimage"},"thumbnailUrl":"https:\/\/www.santamargherita.net\/magazine\/wp-content\/uploads\/2018\/10\/camilla_bellini.jpg","datePublished":"2018-10-17T22:00:26+00:00","dateModified":"2019-02-27T14:03:01+00:00","breadcrumb":{"@id":"https:\/\/www.santamargherita.net\/magazine\/se-il-contenitore-e-lo-specchio-del-contenuto-i-rivestimenti-in-marmo-e-quarzo-di-santamargherita\/#breadcrumb"},"inLanguage":"it-IT","potentialAction":[{"@type":"ReadAction","target":["https:\/\/www.santamargherita.net\/magazine\/se-il-contenitore-e-lo-specchio-del-contenuto-i-rivestimenti-in-marmo-e-quarzo-di-santamargherita\/"]}]},{"@type":"ImageObject","inLanguage":"it-IT","@id":"https:\/\/www.santamargherita.net\/magazine\/se-il-contenitore-e-lo-specchio-del-contenuto-i-rivestimenti-in-marmo-e-quarzo-di-santamargherita\/#primaryimage","url":"https:\/\/www.santamargherita.net\/magazine\/wp-content\/uploads\/2018\/10\/camilla_bellini.jpg","contentUrl":"https:\/\/www.santamargherita.net\/magazine\/wp-content\/uploads\/2018\/10\/camilla_bellini.jpg","width":1920,"height":1067},{"@type":"BreadcrumbList","@id":"https:\/\/www.santamargherita.net\/magazine\/se-il-contenitore-e-lo-specchio-del-contenuto-i-rivestimenti-in-marmo-e-quarzo-di-santamargherita\/#breadcrumb","itemListElement":[{"@type":"ListItem","position":1,"name":"Home","item":"https:\/\/www.santamargherita.net\/magazine\/"},{"@type":"ListItem","position":2,"name":"Se il contenitore \u00e8 lo specchio del contenuto"}]},{"@type":"WebSite","@id":"https:\/\/www.santamargherita.net\/magazine\/#website","url":"https:\/\/www.santamargherita.net\/magazine\/","name":"SantamargheritaMAG","description":"The Original Italian Surface","publisher":{"@id":"https:\/\/www.santamargherita.net\/magazine\/#organization"},"potentialAction":[{"@type":"SearchAction","target":{"@type":"EntryPoint","urlTemplate":"https:\/\/www.santamargherita.net\/magazine\/?s={search_term_string}"},"query-input":{"@type":"PropertyValueSpecification","valueRequired":true,"valueName":"search_term_string"}}],"inLanguage":"it-IT"},{"@type":"Organization","@id":"https:\/\/www.santamargherita.net\/magazine\/#organization","name":"Santa Margherita MAG","url":"https:\/\/www.santamargherita.net\/magazine\/","logo":{"@type":"ImageObject","inLanguage":"it-IT","@id":"https:\/\/www.santamargherita.net\/magazine\/#\/schema\/logo\/image\/","url":"https:\/\/www.santamargherita.net\/magazine\/wp-content\/uploads\/2018\/10\/m.jpg","contentUrl":"https:\/\/www.santamargherita.net\/magazine\/wp-content\/uploads\/2018\/10\/m.jpg","width":179,"height":179,"caption":"Santa Margherita MAG"},"image":{"@id":"https:\/\/www.santamargherita.net\/magazine\/#\/schema\/logo\/image\/"}},{"@type":"Person","@id":"https:\/\/www.santamargherita.net\/magazine\/#\/schema\/person\/99212abdc26c7165720e9e851e62ea4e","name":"Pierluigi Pavan","image":{"@type":"ImageObject","inLanguage":"it-IT","@id":"https:\/\/www.santamargherita.net\/magazine\/#\/schema\/person\/image\/","url":"https:\/\/secure.gravatar.com\/avatar\/7ce6bf6e783e0629e8b9ac6ac803dbfdce406d0b088ee339a1071ee5b83931c0?s=96&d=mm&r=g","contentUrl":"https:\/\/secure.gravatar.com\/avatar\/7ce6bf6e783e0629e8b9ac6ac803dbfdce406d0b088ee339a1071ee5b83931c0?s=96&d=mm&r=g","caption":"Pierluigi Pavan"},"url":"https:\/\/www.santamargherita.net\/magazine\/author\/sm_admin\/"}]}},"_links":{"self":[{"href":"https:\/\/www.santamargherita.net\/magazine\/wp-json\/wp\/v2\/posts\/19321","targetHints":{"allow":["GET"]}}],"collection":[{"href":"https:\/\/www.santamargherita.net\/magazine\/wp-json\/wp\/v2\/posts"}],"about":[{"href":"https:\/\/www.santamargherita.net\/magazine\/wp-json\/wp\/v2\/types\/post"}],"author":[{"embeddable":true,"href":"https:\/\/www.santamargherita.net\/magazine\/wp-json\/wp\/v2\/users\/3"}],"replies":[{"embeddable":true,"href":"https:\/\/www.santamargherita.net\/magazine\/wp-json\/wp\/v2\/comments?post=19321"}],"version-history":[{"count":9,"href":"https:\/\/www.santamargherita.net\/magazine\/wp-json\/wp\/v2\/posts\/19321\/revisions"}],"predecessor-version":[{"id":19619,"href":"https:\/\/www.santamargherita.net\/magazine\/wp-json\/wp\/v2\/posts\/19321\/revisions\/19619"}],"wp:featuredmedia":[{"embeddable":true,"href":"https:\/\/www.santamargherita.net\/magazine\/wp-json\/wp\/v2\/media\/19482"}],"wp:attachment":[{"href":"https:\/\/www.santamargherita.net\/magazine\/wp-json\/wp\/v2\/media?parent=19321"}],"wp:term":[{"taxonomy":"category","embeddable":true,"href":"https:\/\/www.santamargherita.net\/magazine\/wp-json\/wp\/v2\/categories?post=19321"},{"taxonomy":"post_tag","embeddable":true,"href":"https:\/\/www.santamargherita.net\/magazine\/wp-json\/wp\/v2\/tags?post=19321"}],"curies":[{"name":"wp","href":"https:\/\/api.w.org\/{rel}","templated":true}]}}