{"id":19968,"date":"2019-01-28T00:00:08","date_gmt":"2019-01-27T23:00:08","guid":{"rendered":"https:\/\/www.santamargherita.net\/magazine\/?p=19968"},"modified":"2019-01-28T10:53:19","modified_gmt":"2019-01-28T09:53:19","slug":"trend-arredamento-la-parola-ai-social-network","status":"publish","type":"post","link":"https:\/\/www.santamargherita.net\/magazine\/trend-arredamento-la-parola-ai-social-network\/","title":{"rendered":"Trend arredamento: la parola ai social network"},"content":{"rendered":"<h2>Vuoi dare un nuovo twist alla tua casa? Bene! \u00c8 sempre il momento giusto per rinnovarsi, e per chi \u00e8 in cerca di idee, suggerimenti o semplici ispirazioni, i Social Network arrivano in aiuto.<!--more--><\/h2>\n<p>\u201cC\u2019\u00e8 tutto un mondo intorno\u201d diceva il testo di una hit italiana di qualche estate fa: ecco, sui Social non solo c\u2019\u00e8 un mondo intorno, c\u2019\u00e8 davvero molto di pi\u00f9!<br \/>\nA partire dallo stream infinito di suggestioni da cui trarre spunto, ai suggerimenti pratici e spesso facilmente realizzabili con un pizzico di <strong>DIY<\/strong>\u2026. Tutto, con un unico obiettivo: rendere il proprio habitat domestico il pi\u00f9 vicino possibile all\u2019idea di \u201ccasa perfetta\u201d. O almeno, perfetta per voi.<br \/>\nSui social network oggi \u00e8 possibile scovare una miniera davvero infinita di tendenze e mode in arrivo da tutto il mondo. Immaginiamo il mondo digitale come una grande cassa di risonanza per l\u2019eco del fashion e del design: online si armonizzano note in apparenza opposte, e ci\u00f2 che a colpo d\u2019occhio appariva kitch, d\u2019un tratto pu\u00f2 diventare cool. Basta saper creare il giusto accordo tra gli stili e ogni pezzo trover\u00e0 il suo posto in casa. Magari proprio nella tua!<br \/>\nMa andiamo con ordine: le fonti, innanzitutto. Certo, prendere qualche ispirazione online \u00e8 facile, e si pensa che arredare sia sempre un gioco da ragazzi. Errore. Quello dell\u2019interior design \u00e8 un mondo affascinante e divertente, ma per arredare casa ci vuole tempo, energia e \u2013soprattutto- budget. Il bello di poterlo fare online (o comunque, di poter trovare i \u201cpezzi giusti\u201d con un click) \u00e8 che non \u00e8 pi\u00f9 necessario fare il giro di aziende e showroom per poi tornare a casa con pile di brochure da sfogliare, alla ricerca \u201cdell\u2019Idea\u201d. L\u2019alternativa al classico dei classici, cio\u00e8 al catalogo tradizionale, \u00e8 la ricerca in Rete. E pi\u00f9 precisamente, sui social network, Instagram in primis. <strong>Le idee pi\u00f9 originali oggi si trovano online<\/strong>: da semplice strumento e luogo di conversazioni digitali, oggi i Social sono uno strumento praticamente irrinunciabile non solo per chi li utilizza con account privati, ma soprattutto per le Aziende. Una vetrina in continuo aggiornamento per i brand, uno specchio che riflette e mostra al mondo intero idee e ispirazioni degli influencer del momento. Sempre con i filtri e con le luci e giuste, mi raccomando!<br \/>\nInsomma, da vero catalizzatore di tendenze qual \u00e8, Instagram raccoglie immagini molto suggestive anche per quanto riguarda il design e l\u2019arredo casa. Navigare tra i profili degli <strong>Instagramers<\/strong> pi\u00f9 famosi del mondo ti permetter\u00e0 di scoprire quali sono le mode e gli stili che spopolano: spesso sono foto di dettagli, close up che suggeriscono un\u2019ispirazione, un\u2019idea\u2026 Allo spettatore l\u2019arduo compito di farli propri e realizzarli dando vita a un progetto personalizzato. Tutto da fotografare e postare. Magari proprio su Instagram, perch\u00e9 no?<br \/>\nPer trovare ispirazioni, via libera alla ricerca anche sulle (molte) altre piattaforme dedicate all\u2019interior design. Due nomi su tutti: <strong>Houzz <\/strong>e <strong>Homify<\/strong>, entrambi sempre aggiornati sulle tendenze pi\u00f9 cool dell\u2019ultimo momento. Cosa si trova su Houzz? Semplicemente tutto ma proprio tutto sull\u2019interior design. E il bello \u00e8 che il sito \u00e8 interamente pensato per rispondere alle richieste degli utenti: idee, consigli, articoli ordinati per stili o spazi della casa, per non parlare dello sterminato archivio fotografico che gi\u00e0 da s\u00e9 val bene una visita\u2026 Su Homify, invece, siamo nel regno dell\u2019ordine! Facile, veloce, user friendly, il sito si articola in quattro sezioni ben strutturate e risolve cos\u00ec in maniera intelligente il problema che almeno una volta \u00e8 capitato ad ogni utente: perdersi nel mare magnum delle immagini o dei contenuti. Per concludere, una parola su quello che ormai \u00e8 il termometro dei nostri desideri: <strong>Pinterest<\/strong>. Bacheche fotografiche a non finire, idee, suggestioni da cogliere al volo e fissare con un \u201cpin\u201d nella nostra memoria visiva. Pinterest, come tutti i social, ci conosce molto bene e parla di noi, delle nostre passioni, di cosa ci piace. E soprattutto, di come vogliamo arredare la nostra casa.<\/p>\n<p style=\"text-align: right;\"><em>La Redazione<\/em><\/p>\n","protected":false},"excerpt":{"rendered":"<p>Vuoi dare un nuovo twist alla tua casa? Bene! \u00c8 sempre il momento giusto per rinnovarsi, e per chi \u00e8 in cerca di idee, suggerimenti o semplici ispirazioni, i Social Network arrivano in aiuto.<\/p>\n","protected":false},"author":3,"featured_media":19996,"comment_status":"open","ping_status":"open","sticky":false,"template":"","format":"standard","meta":{"_acf_changed":false,"footnotes":""},"categories":[153],"tags":[],"class_list":["post-19968","post","type-post","status-publish","format-standard","has-post-thumbnail","hentry","category-tendenze"],"acf":[],"yoast_head":"<!-- This site is optimized with the Yoast SEO plugin v26.6 - https:\/\/yoast.com\/wordpress\/plugins\/seo\/ -->\n<title>Trend arredamento: la parola ai social network - SantamargheritaMAG<\/title>\n<meta name=\"robots\" content=\"index, follow, max-snippet:-1, max-image-preview:large, max-video-preview:-1\" \/>\n<link rel=\"canonical\" href=\"https:\/\/www.santamargherita.net\/magazine\/trend-arredamento-la-parola-ai-social-network\/\" \/>\n<meta property=\"og:locale\" content=\"it_IT\" \/>\n<meta property=\"og:type\" content=\"article\" \/>\n<meta property=\"og:title\" content=\"Trend arredamento: la parola ai social network - SantamargheritaMAG\" \/>\n<meta property=\"og:description\" content=\"Vuoi dare un nuovo twist alla tua casa? Bene! \u00c8 sempre il momento giusto per rinnovarsi, e per chi \u00e8 in cerca di idee, suggerimenti o semplici ispirazioni, i Social Network arrivano in aiuto.\" \/>\n<meta property=\"og:url\" content=\"https:\/\/www.santamargherita.net\/magazine\/trend-arredamento-la-parola-ai-social-network\/\" \/>\n<meta property=\"og:site_name\" content=\"SantamargheritaMAG\" \/>\n<meta property=\"article:published_time\" content=\"2019-01-27T23:00:08+00:00\" \/>\n<meta property=\"article:modified_time\" content=\"2019-01-28T09:53:19+00:00\" \/>\n<meta property=\"og:image\" content=\"https:\/\/www.santamargherita.net\/magazine\/wp-content\/uploads\/2019\/01\/ispirazioni-social-1024x569.png\" \/>\n\t<meta property=\"og:image:width\" content=\"1024\" \/>\n\t<meta property=\"og:image:height\" content=\"569\" \/>\n\t<meta property=\"og:image:type\" content=\"image\/png\" \/>\n<meta name=\"author\" content=\"Pierluigi Pavan\" \/>\n<meta name=\"twitter:card\" content=\"summary_large_image\" \/>\n<meta name=\"twitter:label1\" content=\"Scritto da\" \/>\n\t<meta name=\"twitter:data1\" content=\"Pierluigi Pavan\" \/>\n\t<meta name=\"twitter:label2\" content=\"Tempo di lettura stimato\" \/>\n\t<meta name=\"twitter:data2\" content=\"3 minuti\" \/>\n<script type=\"application\/ld+json\" class=\"yoast-schema-graph\">{\"@context\":\"https:\/\/schema.org\",\"@graph\":[{\"@type\":\"Article\",\"@id\":\"https:\/\/www.santamargherita.net\/magazine\/trend-arredamento-la-parola-ai-social-network\/#article\",\"isPartOf\":{\"@id\":\"https:\/\/www.santamargherita.net\/magazine\/trend-arredamento-la-parola-ai-social-network\/\"},\"author\":{\"name\":\"Pierluigi Pavan\",\"@id\":\"https:\/\/www.santamargherita.net\/magazine\/#\/schema\/person\/99212abdc26c7165720e9e851e62ea4e\"},\"headline\":\"Trend arredamento: la parola ai social network\",\"datePublished\":\"2019-01-27T23:00:08+00:00\",\"dateModified\":\"2019-01-28T09:53:19+00:00\",\"mainEntityOfPage\":{\"@id\":\"https:\/\/www.santamargherita.net\/magazine\/trend-arredamento-la-parola-ai-social-network\/\"},\"wordCount\":664,\"commentCount\":0,\"publisher\":{\"@id\":\"https:\/\/www.santamargherita.net\/magazine\/#organization\"},\"image\":{\"@id\":\"https:\/\/www.santamargherita.net\/magazine\/trend-arredamento-la-parola-ai-social-network\/#primaryimage\"},\"thumbnailUrl\":\"https:\/\/www.santamargherita.net\/magazine\/wp-content\/uploads\/2019\/01\/ispirazioni-social.png\",\"articleSection\":[\"Tendenze\"],\"inLanguage\":\"it-IT\"},{\"@type\":\"WebPage\",\"@id\":\"https:\/\/www.santamargherita.net\/magazine\/trend-arredamento-la-parola-ai-social-network\/\",\"url\":\"https:\/\/www.santamargherita.net\/magazine\/trend-arredamento-la-parola-ai-social-network\/\",\"name\":\"Trend arredamento: la parola ai social network - SantamargheritaMAG\",\"isPartOf\":{\"@id\":\"https:\/\/www.santamargherita.net\/magazine\/#website\"},\"primaryImageOfPage\":{\"@id\":\"https:\/\/www.santamargherita.net\/magazine\/trend-arredamento-la-parola-ai-social-network\/#primaryimage\"},\"image\":{\"@id\":\"https:\/\/www.santamargherita.net\/magazine\/trend-arredamento-la-parola-ai-social-network\/#primaryimage\"},\"thumbnailUrl\":\"https:\/\/www.santamargherita.net\/magazine\/wp-content\/uploads\/2019\/01\/ispirazioni-social.png\",\"datePublished\":\"2019-01-27T23:00:08+00:00\",\"dateModified\":\"2019-01-28T09:53:19+00:00\",\"breadcrumb\":{\"@id\":\"https:\/\/www.santamargherita.net\/magazine\/trend-arredamento-la-parola-ai-social-network\/#breadcrumb\"},\"inLanguage\":\"it-IT\",\"potentialAction\":[{\"@type\":\"ReadAction\",\"target\":[\"https:\/\/www.santamargherita.net\/magazine\/trend-arredamento-la-parola-ai-social-network\/\"]}]},{\"@type\":\"ImageObject\",\"inLanguage\":\"it-IT\",\"@id\":\"https:\/\/www.santamargherita.net\/magazine\/trend-arredamento-la-parola-ai-social-network\/#primaryimage\",\"url\":\"https:\/\/www.santamargherita.net\/magazine\/wp-content\/uploads\/2019\/01\/ispirazioni-social.png\",\"contentUrl\":\"https:\/\/www.santamargherita.net\/magazine\/wp-content\/uploads\/2019\/01\/ispirazioni-social.png\",\"width\":1920,\"height\":1067},{\"@type\":\"BreadcrumbList\",\"@id\":\"https:\/\/www.santamargherita.net\/magazine\/trend-arredamento-la-parola-ai-social-network\/#breadcrumb\",\"itemListElement\":[{\"@type\":\"ListItem\",\"position\":1,\"name\":\"Home\",\"item\":\"https:\/\/www.santamargherita.net\/magazine\/\"},{\"@type\":\"ListItem\",\"position\":2,\"name\":\"Trend arredamento: la parola ai social network\"}]},{\"@type\":\"WebSite\",\"@id\":\"https:\/\/www.santamargherita.net\/magazine\/#website\",\"url\":\"https:\/\/www.santamargherita.net\/magazine\/\",\"name\":\"SantamargheritaMAG\",\"description\":\"The Original Italian Surface\",\"publisher\":{\"@id\":\"https:\/\/www.santamargherita.net\/magazine\/#organization\"},\"potentialAction\":[{\"@type\":\"SearchAction\",\"target\":{\"@type\":\"EntryPoint\",\"urlTemplate\":\"https:\/\/www.santamargherita.net\/magazine\/?s={search_term_string}\"},\"query-input\":{\"@type\":\"PropertyValueSpecification\",\"valueRequired\":true,\"valueName\":\"search_term_string\"}}],\"inLanguage\":\"it-IT\"},{\"@type\":\"Organization\",\"@id\":\"https:\/\/www.santamargherita.net\/magazine\/#organization\",\"name\":\"Santa Margherita MAG\",\"url\":\"https:\/\/www.santamargherita.net\/magazine\/\",\"logo\":{\"@type\":\"ImageObject\",\"inLanguage\":\"it-IT\",\"@id\":\"https:\/\/www.santamargherita.net\/magazine\/#\/schema\/logo\/image\/\",\"url\":\"https:\/\/www.santamargherita.net\/magazine\/wp-content\/uploads\/2018\/10\/m.jpg\",\"contentUrl\":\"https:\/\/www.santamargherita.net\/magazine\/wp-content\/uploads\/2018\/10\/m.jpg\",\"width\":179,\"height\":179,\"caption\":\"Santa Margherita MAG\"},\"image\":{\"@id\":\"https:\/\/www.santamargherita.net\/magazine\/#\/schema\/logo\/image\/\"}},{\"@type\":\"Person\",\"@id\":\"https:\/\/www.santamargherita.net\/magazine\/#\/schema\/person\/99212abdc26c7165720e9e851e62ea4e\",\"name\":\"Pierluigi Pavan\",\"image\":{\"@type\":\"ImageObject\",\"inLanguage\":\"it-IT\",\"@id\":\"https:\/\/www.santamargherita.net\/magazine\/#\/schema\/person\/image\/\",\"url\":\"https:\/\/secure.gravatar.com\/avatar\/7ce6bf6e783e0629e8b9ac6ac803dbfdce406d0b088ee339a1071ee5b83931c0?s=96&d=mm&r=g\",\"contentUrl\":\"https:\/\/secure.gravatar.com\/avatar\/7ce6bf6e783e0629e8b9ac6ac803dbfdce406d0b088ee339a1071ee5b83931c0?s=96&d=mm&r=g\",\"caption\":\"Pierluigi Pavan\"},\"url\":\"https:\/\/www.santamargherita.net\/magazine\/author\/sm_admin\/\"}]}<\/script>\n<!-- \/ Yoast SEO plugin. -->","yoast_head_json":{"title":"Trend arredamento: la parola ai social network - SantamargheritaMAG","robots":{"index":"index","follow":"follow","max-snippet":"max-snippet:-1","max-image-preview":"max-image-preview:large","max-video-preview":"max-video-preview:-1"},"canonical":"https:\/\/www.santamargherita.net\/magazine\/trend-arredamento-la-parola-ai-social-network\/","og_locale":"it_IT","og_type":"article","og_title":"Trend arredamento: la parola ai social network - SantamargheritaMAG","og_description":"Vuoi dare un nuovo twist alla tua casa? Bene! \u00c8 sempre il momento giusto per rinnovarsi, e per chi \u00e8 in cerca di idee, suggerimenti o semplici ispirazioni, i Social Network arrivano in aiuto.","og_url":"https:\/\/www.santamargherita.net\/magazine\/trend-arredamento-la-parola-ai-social-network\/","og_site_name":"SantamargheritaMAG","article_published_time":"2019-01-27T23:00:08+00:00","article_modified_time":"2019-01-28T09:53:19+00:00","og_image":[{"width":1024,"height":569,"url":"https:\/\/www.santamargherita.net\/magazine\/wp-content\/uploads\/2019\/01\/ispirazioni-social-1024x569.png","type":"image\/png"}],"author":"Pierluigi Pavan","twitter_card":"summary_large_image","twitter_misc":{"Scritto da":"Pierluigi Pavan","Tempo di lettura stimato":"3 minuti"},"schema":{"@context":"https:\/\/schema.org","@graph":[{"@type":"Article","@id":"https:\/\/www.santamargherita.net\/magazine\/trend-arredamento-la-parola-ai-social-network\/#article","isPartOf":{"@id":"https:\/\/www.santamargherita.net\/magazine\/trend-arredamento-la-parola-ai-social-network\/"},"author":{"name":"Pierluigi Pavan","@id":"https:\/\/www.santamargherita.net\/magazine\/#\/schema\/person\/99212abdc26c7165720e9e851e62ea4e"},"headline":"Trend arredamento: la parola ai social network","datePublished":"2019-01-27T23:00:08+00:00","dateModified":"2019-01-28T09:53:19+00:00","mainEntityOfPage":{"@id":"https:\/\/www.santamargherita.net\/magazine\/trend-arredamento-la-parola-ai-social-network\/"},"wordCount":664,"commentCount":0,"publisher":{"@id":"https:\/\/www.santamargherita.net\/magazine\/#organization"},"image":{"@id":"https:\/\/www.santamargherita.net\/magazine\/trend-arredamento-la-parola-ai-social-network\/#primaryimage"},"thumbnailUrl":"https:\/\/www.santamargherita.net\/magazine\/wp-content\/uploads\/2019\/01\/ispirazioni-social.png","articleSection":["Tendenze"],"inLanguage":"it-IT"},{"@type":"WebPage","@id":"https:\/\/www.santamargherita.net\/magazine\/trend-arredamento-la-parola-ai-social-network\/","url":"https:\/\/www.santamargherita.net\/magazine\/trend-arredamento-la-parola-ai-social-network\/","name":"Trend arredamento: la parola ai social network - SantamargheritaMAG","isPartOf":{"@id":"https:\/\/www.santamargherita.net\/magazine\/#website"},"primaryImageOfPage":{"@id":"https:\/\/www.santamargherita.net\/magazine\/trend-arredamento-la-parola-ai-social-network\/#primaryimage"},"image":{"@id":"https:\/\/www.santamargherita.net\/magazine\/trend-arredamento-la-parola-ai-social-network\/#primaryimage"},"thumbnailUrl":"https:\/\/www.santamargherita.net\/magazine\/wp-content\/uploads\/2019\/01\/ispirazioni-social.png","datePublished":"2019-01-27T23:00:08+00:00","dateModified":"2019-01-28T09:53:19+00:00","breadcrumb":{"@id":"https:\/\/www.santamargherita.net\/magazine\/trend-arredamento-la-parola-ai-social-network\/#breadcrumb"},"inLanguage":"it-IT","potentialAction":[{"@type":"ReadAction","target":["https:\/\/www.santamargherita.net\/magazine\/trend-arredamento-la-parola-ai-social-network\/"]}]},{"@type":"ImageObject","inLanguage":"it-IT","@id":"https:\/\/www.santamargherita.net\/magazine\/trend-arredamento-la-parola-ai-social-network\/#primaryimage","url":"https:\/\/www.santamargherita.net\/magazine\/wp-content\/uploads\/2019\/01\/ispirazioni-social.png","contentUrl":"https:\/\/www.santamargherita.net\/magazine\/wp-content\/uploads\/2019\/01\/ispirazioni-social.png","width":1920,"height":1067},{"@type":"BreadcrumbList","@id":"https:\/\/www.santamargherita.net\/magazine\/trend-arredamento-la-parola-ai-social-network\/#breadcrumb","itemListElement":[{"@type":"ListItem","position":1,"name":"Home","item":"https:\/\/www.santamargherita.net\/magazine\/"},{"@type":"ListItem","position":2,"name":"Trend arredamento: la parola ai social network"}]},{"@type":"WebSite","@id":"https:\/\/www.santamargherita.net\/magazine\/#website","url":"https:\/\/www.santamargherita.net\/magazine\/","name":"SantamargheritaMAG","description":"The Original Italian Surface","publisher":{"@id":"https:\/\/www.santamargherita.net\/magazine\/#organization"},"potentialAction":[{"@type":"SearchAction","target":{"@type":"EntryPoint","urlTemplate":"https:\/\/www.santamargherita.net\/magazine\/?s={search_term_string}"},"query-input":{"@type":"PropertyValueSpecification","valueRequired":true,"valueName":"search_term_string"}}],"inLanguage":"it-IT"},{"@type":"Organization","@id":"https:\/\/www.santamargherita.net\/magazine\/#organization","name":"Santa Margherita MAG","url":"https:\/\/www.santamargherita.net\/magazine\/","logo":{"@type":"ImageObject","inLanguage":"it-IT","@id":"https:\/\/www.santamargherita.net\/magazine\/#\/schema\/logo\/image\/","url":"https:\/\/www.santamargherita.net\/magazine\/wp-content\/uploads\/2018\/10\/m.jpg","contentUrl":"https:\/\/www.santamargherita.net\/magazine\/wp-content\/uploads\/2018\/10\/m.jpg","width":179,"height":179,"caption":"Santa Margherita MAG"},"image":{"@id":"https:\/\/www.santamargherita.net\/magazine\/#\/schema\/logo\/image\/"}},{"@type":"Person","@id":"https:\/\/www.santamargherita.net\/magazine\/#\/schema\/person\/99212abdc26c7165720e9e851e62ea4e","name":"Pierluigi Pavan","image":{"@type":"ImageObject","inLanguage":"it-IT","@id":"https:\/\/www.santamargherita.net\/magazine\/#\/schema\/person\/image\/","url":"https:\/\/secure.gravatar.com\/avatar\/7ce6bf6e783e0629e8b9ac6ac803dbfdce406d0b088ee339a1071ee5b83931c0?s=96&d=mm&r=g","contentUrl":"https:\/\/secure.gravatar.com\/avatar\/7ce6bf6e783e0629e8b9ac6ac803dbfdce406d0b088ee339a1071ee5b83931c0?s=96&d=mm&r=g","caption":"Pierluigi Pavan"},"url":"https:\/\/www.santamargherita.net\/magazine\/author\/sm_admin\/"}]}},"_links":{"self":[{"href":"https:\/\/www.santamargherita.net\/magazine\/wp-json\/wp\/v2\/posts\/19968","targetHints":{"allow":["GET"]}}],"collection":[{"href":"https:\/\/www.santamargherita.net\/magazine\/wp-json\/wp\/v2\/posts"}],"about":[{"href":"https:\/\/www.santamargherita.net\/magazine\/wp-json\/wp\/v2\/types\/post"}],"author":[{"embeddable":true,"href":"https:\/\/www.santamargherita.net\/magazine\/wp-json\/wp\/v2\/users\/3"}],"replies":[{"embeddable":true,"href":"https:\/\/www.santamargherita.net\/magazine\/wp-json\/wp\/v2\/comments?post=19968"}],"version-history":[{"count":1,"href":"https:\/\/www.santamargherita.net\/magazine\/wp-json\/wp\/v2\/posts\/19968\/revisions"}],"predecessor-version":[{"id":19969,"href":"https:\/\/www.santamargherita.net\/magazine\/wp-json\/wp\/v2\/posts\/19968\/revisions\/19969"}],"wp:featuredmedia":[{"embeddable":true,"href":"https:\/\/www.santamargherita.net\/magazine\/wp-json\/wp\/v2\/media\/19996"}],"wp:attachment":[{"href":"https:\/\/www.santamargherita.net\/magazine\/wp-json\/wp\/v2\/media?parent=19968"}],"wp:term":[{"taxonomy":"category","embeddable":true,"href":"https:\/\/www.santamargherita.net\/magazine\/wp-json\/wp\/v2\/categories?post=19968"},{"taxonomy":"post_tag","embeddable":true,"href":"https:\/\/www.santamargherita.net\/magazine\/wp-json\/wp\/v2\/tags?post=19968"}],"curies":[{"name":"wp","href":"https:\/\/api.w.org\/{rel}","templated":true}]}}