{"id":20421,"date":"2019-06-17T00:00:57","date_gmt":"2019-06-16T22:00:57","guid":{"rendered":"https:\/\/www.santamargherita.net\/magazine\/?p=20421"},"modified":"2019-05-25T12:23:10","modified_gmt":"2019-05-25T10:23:10","slug":"progettare-il-bagno-in-stile-nordico-bianco-nero-e-dettagli-in-marmo","status":"publish","type":"post","link":"https:\/\/www.santamargherita.net\/magazine\/progettare-il-bagno-in-stile-nordico-bianco-nero-e-dettagli-in-marmo\/","title":{"rendered":"Progettare il bagno in stile nordico: bianco, nero e dettagli in marmo"},"content":{"rendered":"\n<p>Il marmo \u00e8 in assoluto uno dei materiali che preferisco come\nalternativa alle classiche piastrelle in ceramica. Adoro le sue venature e i\ngiochi di nuance sempre diversi. <\/p>\n\n\n\n<p>Un ambiente rivestito in marmo \u00e8 da sempre sinonimo di <strong>eleganza e luminosit\u00e0<\/strong>; permettendo infinite possibilit\u00e0 di applicazione, lo stesso materiale pu\u00f2 essere usato praticamente per qualsiasi componente bagno: pavimenti, rivestimenti, vasca, lavabo e accessori\u2026<\/p>\n\n\n\n<p>Una delle combinazioni che pi\u00f9 preferisco per il marmo? Quella <strong>bianco e nero<\/strong>. <br> Un bagno essenziale, dal sapore nordico, non pu\u00f2 che essere caratterizzato da dettagli black and white, impreziositi dalle texture movimentate del marmo. Che sia composto da elementi tono su tono o dal tanto di moda effetto terrazzo, potrete divertirvi a progettare il vostro bagno inserendo il marmo dove preferite.<\/p>\n\n\n\n<figure class=\"wp-block-image\"><img loading=\"lazy\" decoding=\"async\" width=\"773\" height=\"1024\" src=\"https:\/\/www.santamargherita.net\/magazine\/wp-content\/uploads\/2019\/05\/bagno_bianco_e_nero-773x1024.jpg\" alt=\"\" class=\"wp-image-20422\" srcset=\"https:\/\/www.santamargherita.net\/magazine\/wp-content\/uploads\/2019\/05\/bagno_bianco_e_nero-773x1024.jpg 773w, https:\/\/www.santamargherita.net\/magazine\/wp-content\/uploads\/2019\/05\/bagno_bianco_e_nero-226x300.jpg 226w, https:\/\/www.santamargherita.net\/magazine\/wp-content\/uploads\/2019\/05\/bagno_bianco_e_nero-768x1018.jpg 768w, https:\/\/www.santamargherita.net\/magazine\/wp-content\/uploads\/2019\/05\/bagno_bianco_e_nero-155x205.jpg 155w, https:\/\/www.santamargherita.net\/magazine\/wp-content\/uploads\/2019\/05\/bagno_bianco_e_nero.jpg 1270w\" sizes=\"auto, (max-width: 773px) 100vw, 773px\" \/><\/figure>\n\n\n\n<p>Il pavimento in marmo pu\u00f2 diventare un\ntutt\u2019uno con il rivestimento e il lavabo, per poi fermarsi sul nero di una\nparete che crea un elegante effetto scatola proseguendo fino al soffitto.\nPerch\u00e9 invece non caratterizzare la doccia <em>walk\nin<\/em> rivestendo piatto e pareti con l\u2019effetto terrazzo? Ricordate, per\nrenderla protagonista il resto della stanza dovr\u00e0 avere uno stacco netto, in\nbianco o in nero.<\/p>\n\n\n\n<p>E se il budget non \u00e8 altissimo? Usate il\nmarmo come paraschizzi ma giocate con gli accessori: rubinetteria o lavabo nero\na contrasto, uno specchio di design e pochi studiati complementi d\u2019arredo.<\/p>\n\n\n\n<p>Se avete paura che lo <strong>stile nordico<\/strong> abbinato al marmo risulti troppo freddo, potete mantenere il mood black and white giocando con i tessuti (tende e asciugamani) e arredando l\u2019ambiente con accessori vintage: barattoli e vecchi contenitori da farmacia saranno perfetti se usati come portaspazzolini o per contenere i dischetti di ovatta.<\/p>\n\n\n\n<p style=\"text-align:right\"><em>A Casa di Ro<\/em><\/p>\n","protected":false},"excerpt":{"rendered":"<p>Il marmo \u00e8 in assoluto uno dei materiali che preferisco come alternativa alle classiche piastrelle in ceramica. Adoro le sue venature e i giochi di nuance sempre diversi. Un ambiente rivestito in marmo \u00e8 da sempre sinonimo di eleganza e luminosit\u00e0; permettendo infinite possibilit\u00e0 di applicazione, lo stesso materiale pu\u00f2 essere usato praticamente per qualsiasi<a class=\"excerpt-read-more\" href=\"https:\/\/www.santamargherita.net\/magazine\/progettare-il-bagno-in-stile-nordico-bianco-nero-e-dettagli-in-marmo\/\" title=\"ReadProgettare il bagno in stile nordico: bianco, nero e dettagli in marmo\">&#8230; Read more &raquo;<\/a><\/p>\n","protected":false},"author":3,"featured_media":20424,"comment_status":"open","ping_status":"open","sticky":false,"template":"","format":"standard","meta":{"_acf_changed":false,"footnotes":""},"categories":[167],"tags":[293],"class_list":["post-20421","post","type-post","status-publish","format-standard","has-post-thumbnail","hentry","category-bagno","tag-contributor-post"],"acf":[],"yoast_head":"<!-- This site is optimized with the Yoast SEO plugin v26.6 - https:\/\/yoast.com\/wordpress\/plugins\/seo\/ -->\n<title>Progettare il bagno in stile nordico: bianco, nero e dettagli in marmo - SantamargheritaMAG<\/title>\n<meta name=\"robots\" content=\"index, follow, max-snippet:-1, max-image-preview:large, max-video-preview:-1\" \/>\n<link rel=\"canonical\" href=\"https:\/\/www.santamargherita.net\/magazine\/progettare-il-bagno-in-stile-nordico-bianco-nero-e-dettagli-in-marmo\/\" \/>\n<meta property=\"og:locale\" content=\"it_IT\" \/>\n<meta property=\"og:type\" content=\"article\" \/>\n<meta property=\"og:title\" content=\"Progettare il bagno in stile nordico: bianco, nero e dettagli in marmo - SantamargheritaMAG\" \/>\n<meta property=\"og:description\" content=\"Il marmo \u00e8 in assoluto uno dei materiali che preferisco come alternativa alle classiche piastrelle in ceramica. Adoro le sue venature e i giochi di nuance sempre diversi. Un ambiente rivestito in marmo \u00e8 da sempre sinonimo di eleganza e luminosit\u00e0; permettendo infinite possibilit\u00e0 di applicazione, lo stesso materiale pu\u00f2 essere usato praticamente per qualsiasi... Read more &raquo;\" \/>\n<meta property=\"og:url\" content=\"https:\/\/www.santamargherita.net\/magazine\/progettare-il-bagno-in-stile-nordico-bianco-nero-e-dettagli-in-marmo\/\" \/>\n<meta property=\"og:site_name\" content=\"SantamargheritaMAG\" \/>\n<meta property=\"article:published_time\" content=\"2019-06-16T22:00:57+00:00\" \/>\n<meta property=\"og:image\" content=\"https:\/\/www.santamargherita.net\/magazine\/wp-content\/uploads\/2019\/05\/a-casa-di-ro_bw.jpg\" \/>\n\t<meta property=\"og:image:width\" content=\"1920\" \/>\n\t<meta property=\"og:image:height\" content=\"1067\" \/>\n\t<meta property=\"og:image:type\" content=\"image\/jpeg\" \/>\n<meta name=\"author\" content=\"Pierluigi Pavan\" \/>\n<meta name=\"twitter:card\" content=\"summary_large_image\" \/>\n<meta name=\"twitter:label1\" content=\"Scritto da\" \/>\n\t<meta name=\"twitter:data1\" content=\"Pierluigi Pavan\" \/>\n\t<meta name=\"twitter:label2\" content=\"Tempo di lettura stimato\" \/>\n\t<meta name=\"twitter:data2\" content=\"1 minuto\" \/>\n<script type=\"application\/ld+json\" class=\"yoast-schema-graph\">{\"@context\":\"https:\/\/schema.org\",\"@graph\":[{\"@type\":\"Article\",\"@id\":\"https:\/\/www.santamargherita.net\/magazine\/progettare-il-bagno-in-stile-nordico-bianco-nero-e-dettagli-in-marmo\/#article\",\"isPartOf\":{\"@id\":\"https:\/\/www.santamargherita.net\/magazine\/progettare-il-bagno-in-stile-nordico-bianco-nero-e-dettagli-in-marmo\/\"},\"author\":{\"name\":\"Pierluigi Pavan\",\"@id\":\"https:\/\/www.santamargherita.net\/magazine\/#\/schema\/person\/99212abdc26c7165720e9e851e62ea4e\"},\"headline\":\"Progettare il bagno in stile nordico: bianco, nero e dettagli in marmo\",\"datePublished\":\"2019-06-16T22:00:57+00:00\",\"mainEntityOfPage\":{\"@id\":\"https:\/\/www.santamargherita.net\/magazine\/progettare-il-bagno-in-stile-nordico-bianco-nero-e-dettagli-in-marmo\/\"},\"wordCount\":291,\"commentCount\":0,\"publisher\":{\"@id\":\"https:\/\/www.santamargherita.net\/magazine\/#organization\"},\"image\":{\"@id\":\"https:\/\/www.santamargherita.net\/magazine\/progettare-il-bagno-in-stile-nordico-bianco-nero-e-dettagli-in-marmo\/#primaryimage\"},\"thumbnailUrl\":\"https:\/\/www.santamargherita.net\/magazine\/wp-content\/uploads\/2019\/05\/a-casa-di-ro_bw.jpg\",\"keywords\":[\"Contributor Post\"],\"articleSection\":[\"Bagno\"],\"inLanguage\":\"it-IT\"},{\"@type\":\"WebPage\",\"@id\":\"https:\/\/www.santamargherita.net\/magazine\/progettare-il-bagno-in-stile-nordico-bianco-nero-e-dettagli-in-marmo\/\",\"url\":\"https:\/\/www.santamargherita.net\/magazine\/progettare-il-bagno-in-stile-nordico-bianco-nero-e-dettagli-in-marmo\/\",\"name\":\"Progettare il bagno in stile nordico: bianco, nero e dettagli in marmo - SantamargheritaMAG\",\"isPartOf\":{\"@id\":\"https:\/\/www.santamargherita.net\/magazine\/#website\"},\"primaryImageOfPage\":{\"@id\":\"https:\/\/www.santamargherita.net\/magazine\/progettare-il-bagno-in-stile-nordico-bianco-nero-e-dettagli-in-marmo\/#primaryimage\"},\"image\":{\"@id\":\"https:\/\/www.santamargherita.net\/magazine\/progettare-il-bagno-in-stile-nordico-bianco-nero-e-dettagli-in-marmo\/#primaryimage\"},\"thumbnailUrl\":\"https:\/\/www.santamargherita.net\/magazine\/wp-content\/uploads\/2019\/05\/a-casa-di-ro_bw.jpg\",\"datePublished\":\"2019-06-16T22:00:57+00:00\",\"breadcrumb\":{\"@id\":\"https:\/\/www.santamargherita.net\/magazine\/progettare-il-bagno-in-stile-nordico-bianco-nero-e-dettagli-in-marmo\/#breadcrumb\"},\"inLanguage\":\"it-IT\",\"potentialAction\":[{\"@type\":\"ReadAction\",\"target\":[\"https:\/\/www.santamargherita.net\/magazine\/progettare-il-bagno-in-stile-nordico-bianco-nero-e-dettagli-in-marmo\/\"]}]},{\"@type\":\"ImageObject\",\"inLanguage\":\"it-IT\",\"@id\":\"https:\/\/www.santamargherita.net\/magazine\/progettare-il-bagno-in-stile-nordico-bianco-nero-e-dettagli-in-marmo\/#primaryimage\",\"url\":\"https:\/\/www.santamargherita.net\/magazine\/wp-content\/uploads\/2019\/05\/a-casa-di-ro_bw.jpg\",\"contentUrl\":\"https:\/\/www.santamargherita.net\/magazine\/wp-content\/uploads\/2019\/05\/a-casa-di-ro_bw.jpg\",\"width\":1920,\"height\":1067},{\"@type\":\"BreadcrumbList\",\"@id\":\"https:\/\/www.santamargherita.net\/magazine\/progettare-il-bagno-in-stile-nordico-bianco-nero-e-dettagli-in-marmo\/#breadcrumb\",\"itemListElement\":[{\"@type\":\"ListItem\",\"position\":1,\"name\":\"Home\",\"item\":\"https:\/\/www.santamargherita.net\/magazine\/\"},{\"@type\":\"ListItem\",\"position\":2,\"name\":\"Progettare il bagno in stile nordico: bianco, nero e dettagli in marmo\"}]},{\"@type\":\"WebSite\",\"@id\":\"https:\/\/www.santamargherita.net\/magazine\/#website\",\"url\":\"https:\/\/www.santamargherita.net\/magazine\/\",\"name\":\"SantamargheritaMAG\",\"description\":\"The Original Italian Surface\",\"publisher\":{\"@id\":\"https:\/\/www.santamargherita.net\/magazine\/#organization\"},\"potentialAction\":[{\"@type\":\"SearchAction\",\"target\":{\"@type\":\"EntryPoint\",\"urlTemplate\":\"https:\/\/www.santamargherita.net\/magazine\/?s={search_term_string}\"},\"query-input\":{\"@type\":\"PropertyValueSpecification\",\"valueRequired\":true,\"valueName\":\"search_term_string\"}}],\"inLanguage\":\"it-IT\"},{\"@type\":\"Organization\",\"@id\":\"https:\/\/www.santamargherita.net\/magazine\/#organization\",\"name\":\"Santa Margherita MAG\",\"url\":\"https:\/\/www.santamargherita.net\/magazine\/\",\"logo\":{\"@type\":\"ImageObject\",\"inLanguage\":\"it-IT\",\"@id\":\"https:\/\/www.santamargherita.net\/magazine\/#\/schema\/logo\/image\/\",\"url\":\"https:\/\/www.santamargherita.net\/magazine\/wp-content\/uploads\/2018\/10\/m.jpg\",\"contentUrl\":\"https:\/\/www.santamargherita.net\/magazine\/wp-content\/uploads\/2018\/10\/m.jpg\",\"width\":179,\"height\":179,\"caption\":\"Santa Margherita MAG\"},\"image\":{\"@id\":\"https:\/\/www.santamargherita.net\/magazine\/#\/schema\/logo\/image\/\"}},{\"@type\":\"Person\",\"@id\":\"https:\/\/www.santamargherita.net\/magazine\/#\/schema\/person\/99212abdc26c7165720e9e851e62ea4e\",\"name\":\"Pierluigi Pavan\",\"image\":{\"@type\":\"ImageObject\",\"inLanguage\":\"it-IT\",\"@id\":\"https:\/\/www.santamargherita.net\/magazine\/#\/schema\/person\/image\/\",\"url\":\"https:\/\/secure.gravatar.com\/avatar\/7ce6bf6e783e0629e8b9ac6ac803dbfdce406d0b088ee339a1071ee5b83931c0?s=96&d=mm&r=g\",\"contentUrl\":\"https:\/\/secure.gravatar.com\/avatar\/7ce6bf6e783e0629e8b9ac6ac803dbfdce406d0b088ee339a1071ee5b83931c0?s=96&d=mm&r=g\",\"caption\":\"Pierluigi Pavan\"},\"url\":\"https:\/\/www.santamargherita.net\/magazine\/author\/sm_admin\/\"}]}<\/script>\n<!-- \/ Yoast SEO plugin. -->","yoast_head_json":{"title":"Progettare il bagno in stile nordico: bianco, nero e dettagli in marmo - SantamargheritaMAG","robots":{"index":"index","follow":"follow","max-snippet":"max-snippet:-1","max-image-preview":"max-image-preview:large","max-video-preview":"max-video-preview:-1"},"canonical":"https:\/\/www.santamargherita.net\/magazine\/progettare-il-bagno-in-stile-nordico-bianco-nero-e-dettagli-in-marmo\/","og_locale":"it_IT","og_type":"article","og_title":"Progettare il bagno in stile nordico: bianco, nero e dettagli in marmo - SantamargheritaMAG","og_description":"Il marmo \u00e8 in assoluto uno dei materiali che preferisco come alternativa alle classiche piastrelle in ceramica. Adoro le sue venature e i giochi di nuance sempre diversi. Un ambiente rivestito in marmo \u00e8 da sempre sinonimo di eleganza e luminosit\u00e0; permettendo infinite possibilit\u00e0 di applicazione, lo stesso materiale pu\u00f2 essere usato praticamente per qualsiasi... Read more &raquo;","og_url":"https:\/\/www.santamargherita.net\/magazine\/progettare-il-bagno-in-stile-nordico-bianco-nero-e-dettagli-in-marmo\/","og_site_name":"SantamargheritaMAG","article_published_time":"2019-06-16T22:00:57+00:00","og_image":[{"width":1920,"height":1067,"url":"https:\/\/www.santamargherita.net\/magazine\/wp-content\/uploads\/2019\/05\/a-casa-di-ro_bw.jpg","type":"image\/jpeg"}],"author":"Pierluigi Pavan","twitter_card":"summary_large_image","twitter_misc":{"Scritto da":"Pierluigi Pavan","Tempo di lettura stimato":"1 minuto"},"schema":{"@context":"https:\/\/schema.org","@graph":[{"@type":"Article","@id":"https:\/\/www.santamargherita.net\/magazine\/progettare-il-bagno-in-stile-nordico-bianco-nero-e-dettagli-in-marmo\/#article","isPartOf":{"@id":"https:\/\/www.santamargherita.net\/magazine\/progettare-il-bagno-in-stile-nordico-bianco-nero-e-dettagli-in-marmo\/"},"author":{"name":"Pierluigi Pavan","@id":"https:\/\/www.santamargherita.net\/magazine\/#\/schema\/person\/99212abdc26c7165720e9e851e62ea4e"},"headline":"Progettare il bagno in stile nordico: bianco, nero e dettagli in marmo","datePublished":"2019-06-16T22:00:57+00:00","mainEntityOfPage":{"@id":"https:\/\/www.santamargherita.net\/magazine\/progettare-il-bagno-in-stile-nordico-bianco-nero-e-dettagli-in-marmo\/"},"wordCount":291,"commentCount":0,"publisher":{"@id":"https:\/\/www.santamargherita.net\/magazine\/#organization"},"image":{"@id":"https:\/\/www.santamargherita.net\/magazine\/progettare-il-bagno-in-stile-nordico-bianco-nero-e-dettagli-in-marmo\/#primaryimage"},"thumbnailUrl":"https:\/\/www.santamargherita.net\/magazine\/wp-content\/uploads\/2019\/05\/a-casa-di-ro_bw.jpg","keywords":["Contributor Post"],"articleSection":["Bagno"],"inLanguage":"it-IT"},{"@type":"WebPage","@id":"https:\/\/www.santamargherita.net\/magazine\/progettare-il-bagno-in-stile-nordico-bianco-nero-e-dettagli-in-marmo\/","url":"https:\/\/www.santamargherita.net\/magazine\/progettare-il-bagno-in-stile-nordico-bianco-nero-e-dettagli-in-marmo\/","name":"Progettare il bagno in stile nordico: bianco, nero e dettagli in marmo - SantamargheritaMAG","isPartOf":{"@id":"https:\/\/www.santamargherita.net\/magazine\/#website"},"primaryImageOfPage":{"@id":"https:\/\/www.santamargherita.net\/magazine\/progettare-il-bagno-in-stile-nordico-bianco-nero-e-dettagli-in-marmo\/#primaryimage"},"image":{"@id":"https:\/\/www.santamargherita.net\/magazine\/progettare-il-bagno-in-stile-nordico-bianco-nero-e-dettagli-in-marmo\/#primaryimage"},"thumbnailUrl":"https:\/\/www.santamargherita.net\/magazine\/wp-content\/uploads\/2019\/05\/a-casa-di-ro_bw.jpg","datePublished":"2019-06-16T22:00:57+00:00","breadcrumb":{"@id":"https:\/\/www.santamargherita.net\/magazine\/progettare-il-bagno-in-stile-nordico-bianco-nero-e-dettagli-in-marmo\/#breadcrumb"},"inLanguage":"it-IT","potentialAction":[{"@type":"ReadAction","target":["https:\/\/www.santamargherita.net\/magazine\/progettare-il-bagno-in-stile-nordico-bianco-nero-e-dettagli-in-marmo\/"]}]},{"@type":"ImageObject","inLanguage":"it-IT","@id":"https:\/\/www.santamargherita.net\/magazine\/progettare-il-bagno-in-stile-nordico-bianco-nero-e-dettagli-in-marmo\/#primaryimage","url":"https:\/\/www.santamargherita.net\/magazine\/wp-content\/uploads\/2019\/05\/a-casa-di-ro_bw.jpg","contentUrl":"https:\/\/www.santamargherita.net\/magazine\/wp-content\/uploads\/2019\/05\/a-casa-di-ro_bw.jpg","width":1920,"height":1067},{"@type":"BreadcrumbList","@id":"https:\/\/www.santamargherita.net\/magazine\/progettare-il-bagno-in-stile-nordico-bianco-nero-e-dettagli-in-marmo\/#breadcrumb","itemListElement":[{"@type":"ListItem","position":1,"name":"Home","item":"https:\/\/www.santamargherita.net\/magazine\/"},{"@type":"ListItem","position":2,"name":"Progettare il bagno in stile nordico: bianco, nero e dettagli in marmo"}]},{"@type":"WebSite","@id":"https:\/\/www.santamargherita.net\/magazine\/#website","url":"https:\/\/www.santamargherita.net\/magazine\/","name":"SantamargheritaMAG","description":"The Original Italian Surface","publisher":{"@id":"https:\/\/www.santamargherita.net\/magazine\/#organization"},"potentialAction":[{"@type":"SearchAction","target":{"@type":"EntryPoint","urlTemplate":"https:\/\/www.santamargherita.net\/magazine\/?s={search_term_string}"},"query-input":{"@type":"PropertyValueSpecification","valueRequired":true,"valueName":"search_term_string"}}],"inLanguage":"it-IT"},{"@type":"Organization","@id":"https:\/\/www.santamargherita.net\/magazine\/#organization","name":"Santa Margherita MAG","url":"https:\/\/www.santamargherita.net\/magazine\/","logo":{"@type":"ImageObject","inLanguage":"it-IT","@id":"https:\/\/www.santamargherita.net\/magazine\/#\/schema\/logo\/image\/","url":"https:\/\/www.santamargherita.net\/magazine\/wp-content\/uploads\/2018\/10\/m.jpg","contentUrl":"https:\/\/www.santamargherita.net\/magazine\/wp-content\/uploads\/2018\/10\/m.jpg","width":179,"height":179,"caption":"Santa Margherita MAG"},"image":{"@id":"https:\/\/www.santamargherita.net\/magazine\/#\/schema\/logo\/image\/"}},{"@type":"Person","@id":"https:\/\/www.santamargherita.net\/magazine\/#\/schema\/person\/99212abdc26c7165720e9e851e62ea4e","name":"Pierluigi Pavan","image":{"@type":"ImageObject","inLanguage":"it-IT","@id":"https:\/\/www.santamargherita.net\/magazine\/#\/schema\/person\/image\/","url":"https:\/\/secure.gravatar.com\/avatar\/7ce6bf6e783e0629e8b9ac6ac803dbfdce406d0b088ee339a1071ee5b83931c0?s=96&d=mm&r=g","contentUrl":"https:\/\/secure.gravatar.com\/avatar\/7ce6bf6e783e0629e8b9ac6ac803dbfdce406d0b088ee339a1071ee5b83931c0?s=96&d=mm&r=g","caption":"Pierluigi Pavan"},"url":"https:\/\/www.santamargherita.net\/magazine\/author\/sm_admin\/"}]}},"_links":{"self":[{"href":"https:\/\/www.santamargherita.net\/magazine\/wp-json\/wp\/v2\/posts\/20421","targetHints":{"allow":["GET"]}}],"collection":[{"href":"https:\/\/www.santamargherita.net\/magazine\/wp-json\/wp\/v2\/posts"}],"about":[{"href":"https:\/\/www.santamargherita.net\/magazine\/wp-json\/wp\/v2\/types\/post"}],"author":[{"embeddable":true,"href":"https:\/\/www.santamargherita.net\/magazine\/wp-json\/wp\/v2\/users\/3"}],"replies":[{"embeddable":true,"href":"https:\/\/www.santamargherita.net\/magazine\/wp-json\/wp\/v2\/comments?post=20421"}],"version-history":[{"count":3,"href":"https:\/\/www.santamargherita.net\/magazine\/wp-json\/wp\/v2\/posts\/20421\/revisions"}],"predecessor-version":[{"id":20441,"href":"https:\/\/www.santamargherita.net\/magazine\/wp-json\/wp\/v2\/posts\/20421\/revisions\/20441"}],"wp:featuredmedia":[{"embeddable":true,"href":"https:\/\/www.santamargherita.net\/magazine\/wp-json\/wp\/v2\/media\/20424"}],"wp:attachment":[{"href":"https:\/\/www.santamargherita.net\/magazine\/wp-json\/wp\/v2\/media?parent=20421"}],"wp:term":[{"taxonomy":"category","embeddable":true,"href":"https:\/\/www.santamargherita.net\/magazine\/wp-json\/wp\/v2\/categories?post=20421"},{"taxonomy":"post_tag","embeddable":true,"href":"https:\/\/www.santamargherita.net\/magazine\/wp-json\/wp\/v2\/tags?post=20421"}],"curies":[{"name":"wp","href":"https:\/\/api.w.org\/{rel}","templated":true}]}}