{"id":22129,"date":"2020-12-03T00:02:00","date_gmt":"2020-12-02T23:02:00","guid":{"rendered":"https:\/\/www.santamargherita.net\/magazine\/?p=22129"},"modified":"2021-04-15T14:22:32","modified_gmt":"2021-04-15T12:22:32","slug":"mi-scusi-il-bagno","status":"publish","type":"post","link":"https:\/\/www.santamargherita.net\/magazine\/mi-scusi-il-bagno\/","title":{"rendered":"Mi scusi, il bagno\u2026?"},"content":{"rendered":"\n<p>Etimologicamente la parola bagno deriva dal latino balneum, ovvero l\u2019immersione di un corpo nell\u2019acqua a scopo igienico, terapeutico o ritualistico. Ci\u00f2 ha assunto diversi significati e funzioni a seconda delle epoche e delle culture che si sono succedute.<br>Nell\u2019antica Roma erano i luoghi per la cura del corpo, nascono infatti i primi bagni termali; i lavatorium presenti nei monasteri durante il Medioevo avevano funzione igienica pubblica per contrastare il diffondersi di malattie, durante le crociate i bagni divengono luoghi della socialit\u00e0 con la nascita del bagno turco e l\u2019introduzione delle prime piastrelle decorate e ceramiche colorate.<\/p>\n\n\n\n<figure class=\"wp-block-image size-large\"><img loading=\"lazy\" decoding=\"async\" width=\"496\" height=\"385\" src=\"https:\/\/www.santamargherita.net\/magazine\/wp-content\/uploads\/2020\/12\/squarzoni-01.jpg\" alt=\"\" class=\"wp-image-22134\" srcset=\"https:\/\/www.santamargherita.net\/magazine\/wp-content\/uploads\/2020\/12\/squarzoni-01.jpg 496w, https:\/\/www.santamargherita.net\/magazine\/wp-content\/uploads\/2020\/12\/squarzoni-01-300x233.jpg 300w, https:\/\/www.santamargherita.net\/magazine\/wp-content\/uploads\/2020\/12\/squarzoni-01-264x205.jpg 264w\" sizes=\"auto, (max-width: 496px) 100vw, 496px\" \/><\/figure>\n\n\n\n<p>Nel XIII secolo i bagni assumono connotazione ritualistica, vi \u00e8 infatti l\u2019introduzione delle prime acque profumate e la funzione diviene privata con l\u2019utilizzo di tinozze; nel Rinascimento nasce invece la sala da bagno, come oggi la conosciamo, ricca di marmi e decori. Ad oggi \u00e8 considerata uno spazio personale e di relax, una stanza non di secondaria importanza decorata \u00e8 costruita con differenti stili, tendenze ed elementi di design.<\/p>\n\n\n\n<p>\u00c8 uno spazio che pu\u00f2 essere creato partendo da elementi differenti, si pu\u00f2 infatti iniziare dalla scelta di un singolo colore che sar\u00e0 poi utilizzato in tutti gli elementi o solo alcuni, o da una combinazione di colori che creino armonia di tonalit\u00e0 o contrasto visivo. Il nostro input potrebbe anche essere un materiale, come gli agglomerati in marmo di Santamargherita, in grado di essere non solo funzionale ma elemento di design vero e proprio intorno al quale dipender\u00e0 lo stile della stanza: un elemento con cui si pu\u00f2 giocare in maniera molto creativa. Come negli esempi qui<a href=\"https:\/\/www.santamargherita.net\/product\/arabescato-bianco\/\">, SM Marble \u2013 Arabescato Bianco<\/a>, <a href=\"https:\/\/www.santamargherita.net\/product\/vendome\/\">SM Marble \u2013 Vendome<\/a>, <a href=\"https:\/\/www.santamargherita.net\/product\/libeccio\/\">SM Quartz \u2013 Libeccio<\/a> e <a href=\"https:\/\/www.santamargherita.net\/product\/palladio-laguna\/\">SM Marble &#8211; Laguna<\/a>, insieme alle grandi vasche da bagno freestanding, sono l\u2019elemento centrale di tutto l\u2019ambiente, l\u2019asse intorno alla quale ruota l\u2019arredo.<\/p>\n\n\n\n<figure class=\"wp-block-image size-large\"><img loading=\"lazy\" decoding=\"async\" width=\"833\" height=\"806\" src=\"https:\/\/www.santamargherita.net\/magazine\/wp-content\/uploads\/2020\/12\/squarzoni-02.jpg\" alt=\"\" class=\"wp-image-22132\" srcset=\"https:\/\/www.santamargherita.net\/magazine\/wp-content\/uploads\/2020\/12\/squarzoni-02.jpg 833w, https:\/\/www.santamargherita.net\/magazine\/wp-content\/uploads\/2020\/12\/squarzoni-02-300x290.jpg 300w, https:\/\/www.santamargherita.net\/magazine\/wp-content\/uploads\/2020\/12\/squarzoni-02-768x743.jpg 768w, https:\/\/www.santamargherita.net\/magazine\/wp-content\/uploads\/2020\/12\/squarzoni-02-212x205.jpg 212w\" sizes=\"auto, (max-width: 833px) 100vw, 833px\" \/><\/figure>\n\n\n\n<p>Oggetto di partenza, oppure oggetto centrale, potrebbe anche essere un singolo elemento della stanza, sia esso una luce, il lavandino o un mobile; una particolare carta da pareti o una determinata geometria del pavimento.<br>Infine l\u2019idea pu\u00f2 essere un tema, che sia la somma e l\u2019unione di tutte le idee precedenti, in cui ogni elemento \u00e8 scelto e studiato per creare una storia; ecco allora che il nostro bagno pu\u00f2 diventare giungla, nave, pu\u00f2 essere viaggio nel tempo in un\u2019altra epoca tramite la scelta di stile che sia art deco, futuristico o vittoriano. Pu\u00f2 rispecchiare il design di una cultura o un paese ed essere quindi a tema orientale o provenzale. Ad ognuno il suo stile. Ad ognuno il suo bagno.<\/p>\n\n\n\n<figure class=\"wp-block-image size-large\"><img loading=\"lazy\" decoding=\"async\" width=\"441\" height=\"350\" src=\"https:\/\/www.santamargherita.net\/magazine\/wp-content\/uploads\/2020\/12\/squarzoni-03.jpg\" alt=\"\" class=\"wp-image-22130\" srcset=\"https:\/\/www.santamargherita.net\/magazine\/wp-content\/uploads\/2020\/12\/squarzoni-03.jpg 441w, https:\/\/www.santamargherita.net\/magazine\/wp-content\/uploads\/2020\/12\/squarzoni-03-300x238.jpg 300w, https:\/\/www.santamargherita.net\/magazine\/wp-content\/uploads\/2020\/12\/squarzoni-03-258x205.jpg 258w\" sizes=\"auto, (max-width: 441px) 100vw, 441px\" \/><\/figure>\n\n\n\n<p>Saveria Squarzoni<\/p>\n","protected":false},"excerpt":{"rendered":"<p>Etimologicamente la parola bagno deriva dal latino balneum, ovvero l\u2019immersione di un corpo nell\u2019acqua a scopo igienico, terapeutico o ritualistico. Ci\u00f2 ha assunto diversi significati e funzioni a seconda delle epoche e delle culture che si sono succedute.Nell\u2019antica Roma erano i luoghi per la cura del corpo, nascono infatti i primi bagni termali; i lavatorium<a class=\"excerpt-read-more\" href=\"https:\/\/www.santamargherita.net\/magazine\/mi-scusi-il-bagno\/\" title=\"ReadMi scusi, il bagno\u2026?\">&#8230; Read more &raquo;<\/a><\/p>\n","protected":false},"author":3,"featured_media":22136,"comment_status":"open","ping_status":"open","sticky":false,"template":"","format":"standard","meta":{"_acf_changed":false,"footnotes":""},"categories":[167],"tags":[],"class_list":["post-22129","post","type-post","status-publish","format-standard","has-post-thumbnail","hentry","category-bagno"],"acf":[],"yoast_head":"<!-- This site is optimized with the Yoast SEO plugin v26.6 - https:\/\/yoast.com\/wordpress\/plugins\/seo\/ -->\n<title>Mi scusi, il bagno\u2026? - SantamargheritaMAG<\/title>\n<meta name=\"robots\" content=\"index, follow, max-snippet:-1, max-image-preview:large, max-video-preview:-1\" \/>\n<link rel=\"canonical\" href=\"https:\/\/www.santamargherita.net\/magazine\/mi-scusi-il-bagno\/\" \/>\n<meta property=\"og:locale\" content=\"it_IT\" \/>\n<meta property=\"og:type\" content=\"article\" \/>\n<meta property=\"og:title\" content=\"Mi scusi, il bagno\u2026? - SantamargheritaMAG\" \/>\n<meta property=\"og:description\" content=\"Etimologicamente la parola bagno deriva dal latino balneum, ovvero l\u2019immersione di un corpo nell\u2019acqua a scopo igienico, terapeutico o ritualistico. Ci\u00f2 ha assunto diversi significati e funzioni a seconda delle epoche e delle culture che si sono succedute.Nell\u2019antica Roma erano i luoghi per la cura del corpo, nascono infatti i primi bagni termali; i lavatorium... Read more &raquo;\" \/>\n<meta property=\"og:url\" content=\"https:\/\/www.santamargherita.net\/magazine\/mi-scusi-il-bagno\/\" \/>\n<meta property=\"og:site_name\" content=\"SantamargheritaMAG\" \/>\n<meta property=\"article:published_time\" content=\"2020-12-02T23:02:00+00:00\" \/>\n<meta property=\"article:modified_time\" content=\"2021-04-15T12:22:32+00:00\" \/>\n<meta property=\"og:image\" content=\"https:\/\/www.santamargherita.net\/magazine\/wp-content\/uploads\/2020\/12\/squarzoni-slider.jpg\" \/>\n\t<meta property=\"og:image:width\" content=\"1920\" \/>\n\t<meta property=\"og:image:height\" content=\"1067\" \/>\n\t<meta property=\"og:image:type\" content=\"image\/jpeg\" \/>\n<meta name=\"author\" content=\"Pierluigi Pavan\" \/>\n<meta name=\"twitter:card\" content=\"summary_large_image\" \/>\n<meta name=\"twitter:label1\" content=\"Scritto da\" \/>\n\t<meta name=\"twitter:data1\" content=\"Pierluigi Pavan\" \/>\n\t<meta name=\"twitter:label2\" content=\"Tempo di lettura stimato\" \/>\n\t<meta name=\"twitter:data2\" content=\"3 minuti\" \/>\n<script type=\"application\/ld+json\" class=\"yoast-schema-graph\">{\"@context\":\"https:\/\/schema.org\",\"@graph\":[{\"@type\":\"Article\",\"@id\":\"https:\/\/www.santamargherita.net\/magazine\/mi-scusi-il-bagno\/#article\",\"isPartOf\":{\"@id\":\"https:\/\/www.santamargherita.net\/magazine\/mi-scusi-il-bagno\/\"},\"author\":{\"name\":\"Pierluigi Pavan\",\"@id\":\"https:\/\/www.santamargherita.net\/magazine\/#\/schema\/person\/99212abdc26c7165720e9e851e62ea4e\"},\"headline\":\"Mi scusi, il bagno\u2026?\",\"datePublished\":\"2020-12-02T23:02:00+00:00\",\"dateModified\":\"2021-04-15T12:22:32+00:00\",\"mainEntityOfPage\":{\"@id\":\"https:\/\/www.santamargherita.net\/magazine\/mi-scusi-il-bagno\/\"},\"wordCount\":432,\"commentCount\":0,\"publisher\":{\"@id\":\"https:\/\/www.santamargherita.net\/magazine\/#organization\"},\"image\":{\"@id\":\"https:\/\/www.santamargherita.net\/magazine\/mi-scusi-il-bagno\/#primaryimage\"},\"thumbnailUrl\":\"https:\/\/www.santamargherita.net\/magazine\/wp-content\/uploads\/2020\/12\/squarzoni-slider.jpg\",\"articleSection\":[\"Bagno\"],\"inLanguage\":\"it-IT\"},{\"@type\":\"WebPage\",\"@id\":\"https:\/\/www.santamargherita.net\/magazine\/mi-scusi-il-bagno\/\",\"url\":\"https:\/\/www.santamargherita.net\/magazine\/mi-scusi-il-bagno\/\",\"name\":\"Mi scusi, il bagno\u2026? - SantamargheritaMAG\",\"isPartOf\":{\"@id\":\"https:\/\/www.santamargherita.net\/magazine\/#website\"},\"primaryImageOfPage\":{\"@id\":\"https:\/\/www.santamargherita.net\/magazine\/mi-scusi-il-bagno\/#primaryimage\"},\"image\":{\"@id\":\"https:\/\/www.santamargherita.net\/magazine\/mi-scusi-il-bagno\/#primaryimage\"},\"thumbnailUrl\":\"https:\/\/www.santamargherita.net\/magazine\/wp-content\/uploads\/2020\/12\/squarzoni-slider.jpg\",\"datePublished\":\"2020-12-02T23:02:00+00:00\",\"dateModified\":\"2021-04-15T12:22:32+00:00\",\"breadcrumb\":{\"@id\":\"https:\/\/www.santamargherita.net\/magazine\/mi-scusi-il-bagno\/#breadcrumb\"},\"inLanguage\":\"it-IT\",\"potentialAction\":[{\"@type\":\"ReadAction\",\"target\":[\"https:\/\/www.santamargherita.net\/magazine\/mi-scusi-il-bagno\/\"]}]},{\"@type\":\"ImageObject\",\"inLanguage\":\"it-IT\",\"@id\":\"https:\/\/www.santamargherita.net\/magazine\/mi-scusi-il-bagno\/#primaryimage\",\"url\":\"https:\/\/www.santamargherita.net\/magazine\/wp-content\/uploads\/2020\/12\/squarzoni-slider.jpg\",\"contentUrl\":\"https:\/\/www.santamargherita.net\/magazine\/wp-content\/uploads\/2020\/12\/squarzoni-slider.jpg\",\"width\":1920,\"height\":1067},{\"@type\":\"BreadcrumbList\",\"@id\":\"https:\/\/www.santamargherita.net\/magazine\/mi-scusi-il-bagno\/#breadcrumb\",\"itemListElement\":[{\"@type\":\"ListItem\",\"position\":1,\"name\":\"Home\",\"item\":\"https:\/\/www.santamargherita.net\/magazine\/\"},{\"@type\":\"ListItem\",\"position\":2,\"name\":\"Mi scusi, il bagno\u2026?\"}]},{\"@type\":\"WebSite\",\"@id\":\"https:\/\/www.santamargherita.net\/magazine\/#website\",\"url\":\"https:\/\/www.santamargherita.net\/magazine\/\",\"name\":\"SantamargheritaMAG\",\"description\":\"The Original Italian Surface\",\"publisher\":{\"@id\":\"https:\/\/www.santamargherita.net\/magazine\/#organization\"},\"potentialAction\":[{\"@type\":\"SearchAction\",\"target\":{\"@type\":\"EntryPoint\",\"urlTemplate\":\"https:\/\/www.santamargherita.net\/magazine\/?s={search_term_string}\"},\"query-input\":{\"@type\":\"PropertyValueSpecification\",\"valueRequired\":true,\"valueName\":\"search_term_string\"}}],\"inLanguage\":\"it-IT\"},{\"@type\":\"Organization\",\"@id\":\"https:\/\/www.santamargherita.net\/magazine\/#organization\",\"name\":\"Santa Margherita MAG\",\"url\":\"https:\/\/www.santamargherita.net\/magazine\/\",\"logo\":{\"@type\":\"ImageObject\",\"inLanguage\":\"it-IT\",\"@id\":\"https:\/\/www.santamargherita.net\/magazine\/#\/schema\/logo\/image\/\",\"url\":\"https:\/\/www.santamargherita.net\/magazine\/wp-content\/uploads\/2018\/10\/m.jpg\",\"contentUrl\":\"https:\/\/www.santamargherita.net\/magazine\/wp-content\/uploads\/2018\/10\/m.jpg\",\"width\":179,\"height\":179,\"caption\":\"Santa Margherita MAG\"},\"image\":{\"@id\":\"https:\/\/www.santamargherita.net\/magazine\/#\/schema\/logo\/image\/\"}},{\"@type\":\"Person\",\"@id\":\"https:\/\/www.santamargherita.net\/magazine\/#\/schema\/person\/99212abdc26c7165720e9e851e62ea4e\",\"name\":\"Pierluigi Pavan\",\"image\":{\"@type\":\"ImageObject\",\"inLanguage\":\"it-IT\",\"@id\":\"https:\/\/www.santamargherita.net\/magazine\/#\/schema\/person\/image\/\",\"url\":\"https:\/\/secure.gravatar.com\/avatar\/7ce6bf6e783e0629e8b9ac6ac803dbfdce406d0b088ee339a1071ee5b83931c0?s=96&d=mm&r=g\",\"contentUrl\":\"https:\/\/secure.gravatar.com\/avatar\/7ce6bf6e783e0629e8b9ac6ac803dbfdce406d0b088ee339a1071ee5b83931c0?s=96&d=mm&r=g\",\"caption\":\"Pierluigi Pavan\"},\"url\":\"https:\/\/www.santamargherita.net\/magazine\/author\/sm_admin\/\"}]}<\/script>\n<!-- \/ Yoast SEO plugin. -->","yoast_head_json":{"title":"Mi scusi, il bagno\u2026? - SantamargheritaMAG","robots":{"index":"index","follow":"follow","max-snippet":"max-snippet:-1","max-image-preview":"max-image-preview:large","max-video-preview":"max-video-preview:-1"},"canonical":"https:\/\/www.santamargherita.net\/magazine\/mi-scusi-il-bagno\/","og_locale":"it_IT","og_type":"article","og_title":"Mi scusi, il bagno\u2026? - SantamargheritaMAG","og_description":"Etimologicamente la parola bagno deriva dal latino balneum, ovvero l\u2019immersione di un corpo nell\u2019acqua a scopo igienico, terapeutico o ritualistico. Ci\u00f2 ha assunto diversi significati e funzioni a seconda delle epoche e delle culture che si sono succedute.Nell\u2019antica Roma erano i luoghi per la cura del corpo, nascono infatti i primi bagni termali; i lavatorium... Read more &raquo;","og_url":"https:\/\/www.santamargherita.net\/magazine\/mi-scusi-il-bagno\/","og_site_name":"SantamargheritaMAG","article_published_time":"2020-12-02T23:02:00+00:00","article_modified_time":"2021-04-15T12:22:32+00:00","og_image":[{"width":1920,"height":1067,"url":"https:\/\/www.santamargherita.net\/magazine\/wp-content\/uploads\/2020\/12\/squarzoni-slider.jpg","type":"image\/jpeg"}],"author":"Pierluigi Pavan","twitter_card":"summary_large_image","twitter_misc":{"Scritto da":"Pierluigi Pavan","Tempo di lettura stimato":"3 minuti"},"schema":{"@context":"https:\/\/schema.org","@graph":[{"@type":"Article","@id":"https:\/\/www.santamargherita.net\/magazine\/mi-scusi-il-bagno\/#article","isPartOf":{"@id":"https:\/\/www.santamargherita.net\/magazine\/mi-scusi-il-bagno\/"},"author":{"name":"Pierluigi Pavan","@id":"https:\/\/www.santamargherita.net\/magazine\/#\/schema\/person\/99212abdc26c7165720e9e851e62ea4e"},"headline":"Mi scusi, il bagno\u2026?","datePublished":"2020-12-02T23:02:00+00:00","dateModified":"2021-04-15T12:22:32+00:00","mainEntityOfPage":{"@id":"https:\/\/www.santamargherita.net\/magazine\/mi-scusi-il-bagno\/"},"wordCount":432,"commentCount":0,"publisher":{"@id":"https:\/\/www.santamargherita.net\/magazine\/#organization"},"image":{"@id":"https:\/\/www.santamargherita.net\/magazine\/mi-scusi-il-bagno\/#primaryimage"},"thumbnailUrl":"https:\/\/www.santamargherita.net\/magazine\/wp-content\/uploads\/2020\/12\/squarzoni-slider.jpg","articleSection":["Bagno"],"inLanguage":"it-IT"},{"@type":"WebPage","@id":"https:\/\/www.santamargherita.net\/magazine\/mi-scusi-il-bagno\/","url":"https:\/\/www.santamargherita.net\/magazine\/mi-scusi-il-bagno\/","name":"Mi scusi, il bagno\u2026? - SantamargheritaMAG","isPartOf":{"@id":"https:\/\/www.santamargherita.net\/magazine\/#website"},"primaryImageOfPage":{"@id":"https:\/\/www.santamargherita.net\/magazine\/mi-scusi-il-bagno\/#primaryimage"},"image":{"@id":"https:\/\/www.santamargherita.net\/magazine\/mi-scusi-il-bagno\/#primaryimage"},"thumbnailUrl":"https:\/\/www.santamargherita.net\/magazine\/wp-content\/uploads\/2020\/12\/squarzoni-slider.jpg","datePublished":"2020-12-02T23:02:00+00:00","dateModified":"2021-04-15T12:22:32+00:00","breadcrumb":{"@id":"https:\/\/www.santamargherita.net\/magazine\/mi-scusi-il-bagno\/#breadcrumb"},"inLanguage":"it-IT","potentialAction":[{"@type":"ReadAction","target":["https:\/\/www.santamargherita.net\/magazine\/mi-scusi-il-bagno\/"]}]},{"@type":"ImageObject","inLanguage":"it-IT","@id":"https:\/\/www.santamargherita.net\/magazine\/mi-scusi-il-bagno\/#primaryimage","url":"https:\/\/www.santamargherita.net\/magazine\/wp-content\/uploads\/2020\/12\/squarzoni-slider.jpg","contentUrl":"https:\/\/www.santamargherita.net\/magazine\/wp-content\/uploads\/2020\/12\/squarzoni-slider.jpg","width":1920,"height":1067},{"@type":"BreadcrumbList","@id":"https:\/\/www.santamargherita.net\/magazine\/mi-scusi-il-bagno\/#breadcrumb","itemListElement":[{"@type":"ListItem","position":1,"name":"Home","item":"https:\/\/www.santamargherita.net\/magazine\/"},{"@type":"ListItem","position":2,"name":"Mi scusi, il bagno\u2026?"}]},{"@type":"WebSite","@id":"https:\/\/www.santamargherita.net\/magazine\/#website","url":"https:\/\/www.santamargherita.net\/magazine\/","name":"SantamargheritaMAG","description":"The Original Italian Surface","publisher":{"@id":"https:\/\/www.santamargherita.net\/magazine\/#organization"},"potentialAction":[{"@type":"SearchAction","target":{"@type":"EntryPoint","urlTemplate":"https:\/\/www.santamargherita.net\/magazine\/?s={search_term_string}"},"query-input":{"@type":"PropertyValueSpecification","valueRequired":true,"valueName":"search_term_string"}}],"inLanguage":"it-IT"},{"@type":"Organization","@id":"https:\/\/www.santamargherita.net\/magazine\/#organization","name":"Santa Margherita MAG","url":"https:\/\/www.santamargherita.net\/magazine\/","logo":{"@type":"ImageObject","inLanguage":"it-IT","@id":"https:\/\/www.santamargherita.net\/magazine\/#\/schema\/logo\/image\/","url":"https:\/\/www.santamargherita.net\/magazine\/wp-content\/uploads\/2018\/10\/m.jpg","contentUrl":"https:\/\/www.santamargherita.net\/magazine\/wp-content\/uploads\/2018\/10\/m.jpg","width":179,"height":179,"caption":"Santa Margherita MAG"},"image":{"@id":"https:\/\/www.santamargherita.net\/magazine\/#\/schema\/logo\/image\/"}},{"@type":"Person","@id":"https:\/\/www.santamargherita.net\/magazine\/#\/schema\/person\/99212abdc26c7165720e9e851e62ea4e","name":"Pierluigi Pavan","image":{"@type":"ImageObject","inLanguage":"it-IT","@id":"https:\/\/www.santamargherita.net\/magazine\/#\/schema\/person\/image\/","url":"https:\/\/secure.gravatar.com\/avatar\/7ce6bf6e783e0629e8b9ac6ac803dbfdce406d0b088ee339a1071ee5b83931c0?s=96&d=mm&r=g","contentUrl":"https:\/\/secure.gravatar.com\/avatar\/7ce6bf6e783e0629e8b9ac6ac803dbfdce406d0b088ee339a1071ee5b83931c0?s=96&d=mm&r=g","caption":"Pierluigi Pavan"},"url":"https:\/\/www.santamargherita.net\/magazine\/author\/sm_admin\/"}]}},"_links":{"self":[{"href":"https:\/\/www.santamargherita.net\/magazine\/wp-json\/wp\/v2\/posts\/22129","targetHints":{"allow":["GET"]}}],"collection":[{"href":"https:\/\/www.santamargherita.net\/magazine\/wp-json\/wp\/v2\/posts"}],"about":[{"href":"https:\/\/www.santamargherita.net\/magazine\/wp-json\/wp\/v2\/types\/post"}],"author":[{"embeddable":true,"href":"https:\/\/www.santamargherita.net\/magazine\/wp-json\/wp\/v2\/users\/3"}],"replies":[{"embeddable":true,"href":"https:\/\/www.santamargherita.net\/magazine\/wp-json\/wp\/v2\/comments?post=22129"}],"version-history":[{"count":3,"href":"https:\/\/www.santamargherita.net\/magazine\/wp-json\/wp\/v2\/posts\/22129\/revisions"}],"predecessor-version":[{"id":22338,"href":"https:\/\/www.santamargherita.net\/magazine\/wp-json\/wp\/v2\/posts\/22129\/revisions\/22338"}],"wp:featuredmedia":[{"embeddable":true,"href":"https:\/\/www.santamargherita.net\/magazine\/wp-json\/wp\/v2\/media\/22136"}],"wp:attachment":[{"href":"https:\/\/www.santamargherita.net\/magazine\/wp-json\/wp\/v2\/media?parent=22129"}],"wp:term":[{"taxonomy":"category","embeddable":true,"href":"https:\/\/www.santamargherita.net\/magazine\/wp-json\/wp\/v2\/categories?post=22129"},{"taxonomy":"post_tag","embeddable":true,"href":"https:\/\/www.santamargherita.net\/magazine\/wp-json\/wp\/v2\/tags?post=22129"}],"curies":[{"name":"wp","href":"https:\/\/api.w.org\/{rel}","templated":true}]}}