{"id":23408,"date":"2023-06-30T17:22:57","date_gmt":"2023-06-30T15:22:57","guid":{"rendered":"https:\/\/www.santamargherita.net\/magazine\/?p=23408"},"modified":"2023-06-30T17:23:00","modified_gmt":"2023-06-30T15:23:00","slug":"weranda-magazine","status":"publish","type":"post","link":"https:\/\/www.santamargherita.net\/magazine\/weranda-magazine\/","title":{"rendered":"Un\u2019isola da sogno: Santamargherita su Weranda Magazine"},"content":{"rendered":"\n<p>A casa di Gosi e Piotra, nella vivace cittadina polacca di \u0141\u00f3d\u017a, si respira aria di vacanza. Grandi spazi luminosi, atmosfera accogliente, arredi nelle infinite sfumature del bianco e del blu. Al centro della cucina, la grande protagonista \u00e8 una sorprendente isola blu con un piano di lavoro bianco realizzato con le superfici Santamargherita. Quasi un invito a raccogliersi attorno a essa.<\/p>\n\n\n\n<p>\u201cCi piace la vita sociale e quando il tempo ce lo consente, ospitiamo amici. Tutti, sia amici che familiari, preferiscono incontrarsi nella grande isola della cucina. Funziona come una calamita, \u00e8 intorno ad essa che ruota la nostra quotidianit\u00e0 ed \u00e8 qui che prima o poi ogni festa finisce\u201d, conferma la padrona di casa sulle pagine di <em>Weranda<\/em>. Il mensile polacco di interni, home d\u00e9cor e lifestyle dedica alla casa di Gosi e Piotra un servizio fotografico nel numero di giugno, ora in edicola e on line (<a href=\"https:\/\/www.weranda.pl\/domy-i-mieszkania\/stylowe-i-przytulne\/styl-hamptons-w-nowoczesnym-wydaniu\" target=\"_blank\" rel=\"noreferrer noopener\">https:\/\/www.weranda.pl\/domy-i-mieszkania\/stylowe-i-przytulne\/styl-hamptons-w-nowoczesnym-wydaniu<\/a>).<\/p>\n\n\n\n<figure class=\"wp-block-image size-large\"><img loading=\"lazy\" decoding=\"async\" width=\"1024\" height=\"621\" src=\"https:\/\/www.santamargherita.net\/magazine\/wp-content\/uploads\/2023\/06\/weranda-ok-1024x621.jpg\" alt=\"\" class=\"wp-image-23409\" srcset=\"https:\/\/www.santamargherita.net\/magazine\/wp-content\/uploads\/2023\/06\/weranda-ok-1024x621.jpg 1024w, https:\/\/www.santamargherita.net\/magazine\/wp-content\/uploads\/2023\/06\/weranda-ok-300x182.jpg 300w, https:\/\/www.santamargherita.net\/magazine\/wp-content\/uploads\/2023\/06\/weranda-ok-768x465.jpg 768w, https:\/\/www.santamargherita.net\/magazine\/wp-content\/uploads\/2023\/06\/weranda-ok-338x205.jpg 338w, https:\/\/www.santamargherita.net\/magazine\/wp-content\/uploads\/2023\/06\/weranda-ok-400x242.jpg 400w, https:\/\/www.santamargherita.net\/magazine\/wp-content\/uploads\/2023\/06\/weranda-ok.jpg 1254w\" sizes=\"auto, (max-width: 1024px) 100vw, 1024px\" \/><\/figure>\n\n\n\n<p>Le foto di Dariusz Jarz Zdbek\u00a0 e lo styling di Anna Salak mettono in luce una delle numerose applicazioni dei materiali Santamargherita. Le superfici Santamargherita sono durevoli e adatte a un uso quotidiano, un mix di estetica, resistenza e funzionalit\u00e0 che d\u00e0 carattere a ogni tipo di ambiente.<\/p>\n\n\n\n<figure class=\"wp-block-image size-large\"><img loading=\"lazy\" decoding=\"async\" width=\"634\" height=\"1024\" src=\"https:\/\/www.santamargherita.net\/magazine\/wp-content\/uploads\/2023\/06\/niebieska-kuchnia-z-bialym-blatem-634x1024.webp\" alt=\"\" class=\"wp-image-23411\" srcset=\"https:\/\/www.santamargherita.net\/magazine\/wp-content\/uploads\/2023\/06\/niebieska-kuchnia-z-bialym-blatem-634x1024.webp 634w, https:\/\/www.santamargherita.net\/magazine\/wp-content\/uploads\/2023\/06\/niebieska-kuchnia-z-bialym-blatem-186x300.webp 186w, https:\/\/www.santamargherita.net\/magazine\/wp-content\/uploads\/2023\/06\/niebieska-kuchnia-z-bialym-blatem-127x205.webp 127w, https:\/\/www.santamargherita.net\/magazine\/wp-content\/uploads\/2023\/06\/niebieska-kuchnia-z-bialym-blatem-248x400.webp 248w, https:\/\/www.santamargherita.net\/magazine\/wp-content\/uploads\/2023\/06\/niebieska-kuchnia-z-bialym-blatem.webp 684w\" sizes=\"auto, (max-width: 634px) 100vw, 634px\" \/><\/figure>\n\n\n\n<p>Nella casa pubblicata sulle pagine di Weranda, circa 300mq distribuiti su un solo piano, l\u2019arredo curato dall\u2019architetto Hannah Pietras \u00e8 in stile Hamptons, ispirato alle ambite case sul mare costruite nella zona costiera amata dall\u2019alta societ\u00e0 di New York, aggiornato e rinfrescato all\u2019insegna di una rilassata semplicit\u00e0. Ambienti pieni di luce e calore che esaltano appieno l\u2019alta qualit\u00e0 e l\u2019estetica superiore delle superfici Santamargherita.<\/p>\n\n\n\n<p>Credits: DARIUSZ JARZ\u0104BEK<\/p>\n\n\n\n<p>Weranda <a href=\"https:\/\/www.weranda.pl\/\" target=\"_blank\" rel=\"noreferrer noopener\">https:\/\/www.weranda.pl\/<\/a><\/p>\n","protected":false},"excerpt":{"rendered":"<p>A casa di Gosi e Piotra, nella vivace cittadina polacca di \u0141\u00f3d\u017a, si respira aria di vacanza. Grandi spazi luminosi, atmosfera accogliente, arredi nelle infinite sfumature del bianco e del blu. Al centro della cucina, la grande protagonista \u00e8 una sorprendente isola blu con un piano di lavoro bianco realizzato con le superfici Santamargherita. Quasi<a class=\"excerpt-read-more\" href=\"https:\/\/www.santamargherita.net\/magazine\/weranda-magazine\/\" title=\"ReadUn\u2019isola da sogno: Santamargherita su Weranda Magazine\">&#8230; Read more &raquo;<\/a><\/p>\n","protected":false},"author":3,"featured_media":23413,"comment_status":"closed","ping_status":"closed","sticky":false,"template":"","format":"standard","meta":{"_acf_changed":false,"footnotes":""},"categories":[157],"tags":[],"class_list":["post-23408","post","type-post","status-publish","format-standard","has-post-thumbnail","hentry","category-cucina"],"acf":[],"yoast_head":"<!-- This site is optimized with the Yoast SEO plugin v26.6 - https:\/\/yoast.com\/wordpress\/plugins\/seo\/ -->\n<title>Un\u2019isola da sogno: Santamargherita su Weranda Magazine<\/title>\n<meta name=\"description\" content=\"I materiali Santamargherita al centro della cucina pubblicata su Weranda Magazine mensile polacco di interni, home d\u00e9cor e lifestyle\" \/>\n<meta name=\"robots\" content=\"index, follow, max-snippet:-1, max-image-preview:large, max-video-preview:-1\" \/>\n<link rel=\"canonical\" href=\"https:\/\/www.santamargherita.net\/magazine\/weranda-magazine\/\" \/>\n<meta property=\"og:locale\" content=\"it_IT\" \/>\n<meta property=\"og:type\" content=\"article\" \/>\n<meta property=\"og:title\" content=\"Un\u2019isola da sogno: Santamargherita su Weranda Magazine\" \/>\n<meta property=\"og:description\" content=\"I materiali Santamargherita al centro della cucina pubblicata su Weranda Magazine mensile polacco di interni, home d\u00e9cor e lifestyle\" \/>\n<meta property=\"og:url\" content=\"https:\/\/www.santamargherita.net\/magazine\/weranda-magazine\/\" \/>\n<meta property=\"og:site_name\" content=\"SantamargheritaMAG\" \/>\n<meta property=\"article:published_time\" content=\"2023-06-30T15:22:57+00:00\" \/>\n<meta property=\"article:modified_time\" content=\"2023-06-30T15:23:00+00:00\" \/>\n<meta property=\"og:image\" content=\"https:\/\/www.santamargherita.net\/magazine\/wp-content\/uploads\/2023\/06\/Weranda-1024x546.png\" \/>\n\t<meta property=\"og:image:width\" content=\"1024\" \/>\n\t<meta property=\"og:image:height\" content=\"546\" \/>\n\t<meta property=\"og:image:type\" content=\"image\/png\" \/>\n<meta name=\"author\" content=\"Pierluigi Pavan\" \/>\n<meta name=\"twitter:card\" content=\"summary_large_image\" \/>\n<meta name=\"twitter:label1\" content=\"Scritto da\" \/>\n\t<meta name=\"twitter:data1\" content=\"Pierluigi Pavan\" \/>\n\t<meta name=\"twitter:label2\" content=\"Tempo di lettura stimato\" \/>\n\t<meta name=\"twitter:data2\" content=\"2 minuti\" \/>\n<script type=\"application\/ld+json\" class=\"yoast-schema-graph\">{\"@context\":\"https:\/\/schema.org\",\"@graph\":[{\"@type\":\"Article\",\"@id\":\"https:\/\/www.santamargherita.net\/magazine\/weranda-magazine\/#article\",\"isPartOf\":{\"@id\":\"https:\/\/www.santamargherita.net\/magazine\/weranda-magazine\/\"},\"author\":{\"name\":\"Pierluigi Pavan\",\"@id\":\"https:\/\/www.santamargherita.net\/magazine\/#\/schema\/person\/99212abdc26c7165720e9e851e62ea4e\"},\"headline\":\"Un\u2019isola da sogno: Santamargherita su Weranda Magazine\",\"datePublished\":\"2023-06-30T15:22:57+00:00\",\"dateModified\":\"2023-06-30T15:23:00+00:00\",\"mainEntityOfPage\":{\"@id\":\"https:\/\/www.santamargherita.net\/magazine\/weranda-magazine\/\"},\"wordCount\":288,\"publisher\":{\"@id\":\"https:\/\/www.santamargherita.net\/magazine\/#organization\"},\"image\":{\"@id\":\"https:\/\/www.santamargherita.net\/magazine\/weranda-magazine\/#primaryimage\"},\"thumbnailUrl\":\"https:\/\/www.santamargherita.net\/magazine\/wp-content\/uploads\/2023\/06\/Weranda.png\",\"articleSection\":[\"Cucina\"],\"inLanguage\":\"it-IT\"},{\"@type\":\"WebPage\",\"@id\":\"https:\/\/www.santamargherita.net\/magazine\/weranda-magazine\/\",\"url\":\"https:\/\/www.santamargherita.net\/magazine\/weranda-magazine\/\",\"name\":\"Un\u2019isola da sogno: Santamargherita su Weranda Magazine\",\"isPartOf\":{\"@id\":\"https:\/\/www.santamargherita.net\/magazine\/#website\"},\"primaryImageOfPage\":{\"@id\":\"https:\/\/www.santamargherita.net\/magazine\/weranda-magazine\/#primaryimage\"},\"image\":{\"@id\":\"https:\/\/www.santamargherita.net\/magazine\/weranda-magazine\/#primaryimage\"},\"thumbnailUrl\":\"https:\/\/www.santamargherita.net\/magazine\/wp-content\/uploads\/2023\/06\/Weranda.png\",\"datePublished\":\"2023-06-30T15:22:57+00:00\",\"dateModified\":\"2023-06-30T15:23:00+00:00\",\"description\":\"I materiali Santamargherita al centro della cucina pubblicata su Weranda Magazine mensile polacco di interni, home d\u00e9cor e lifestyle\",\"breadcrumb\":{\"@id\":\"https:\/\/www.santamargherita.net\/magazine\/weranda-magazine\/#breadcrumb\"},\"inLanguage\":\"it-IT\",\"potentialAction\":[{\"@type\":\"ReadAction\",\"target\":[\"https:\/\/www.santamargherita.net\/magazine\/weranda-magazine\/\"]}]},{\"@type\":\"ImageObject\",\"inLanguage\":\"it-IT\",\"@id\":\"https:\/\/www.santamargherita.net\/magazine\/weranda-magazine\/#primaryimage\",\"url\":\"https:\/\/www.santamargherita.net\/magazine\/wp-content\/uploads\/2023\/06\/Weranda.png\",\"contentUrl\":\"https:\/\/www.santamargherita.net\/magazine\/wp-content\/uploads\/2023\/06\/Weranda.png\",\"width\":1920,\"height\":1024},{\"@type\":\"BreadcrumbList\",\"@id\":\"https:\/\/www.santamargherita.net\/magazine\/weranda-magazine\/#breadcrumb\",\"itemListElement\":[{\"@type\":\"ListItem\",\"position\":1,\"name\":\"Home\",\"item\":\"https:\/\/www.santamargherita.net\/magazine\/\"},{\"@type\":\"ListItem\",\"position\":2,\"name\":\"Un\u2019isola da sogno: Santamargherita su Weranda Magazine\"}]},{\"@type\":\"WebSite\",\"@id\":\"https:\/\/www.santamargherita.net\/magazine\/#website\",\"url\":\"https:\/\/www.santamargherita.net\/magazine\/\",\"name\":\"SantamargheritaMAG\",\"description\":\"The Original Italian Surface\",\"publisher\":{\"@id\":\"https:\/\/www.santamargherita.net\/magazine\/#organization\"},\"potentialAction\":[{\"@type\":\"SearchAction\",\"target\":{\"@type\":\"EntryPoint\",\"urlTemplate\":\"https:\/\/www.santamargherita.net\/magazine\/?s={search_term_string}\"},\"query-input\":{\"@type\":\"PropertyValueSpecification\",\"valueRequired\":true,\"valueName\":\"search_term_string\"}}],\"inLanguage\":\"it-IT\"},{\"@type\":\"Organization\",\"@id\":\"https:\/\/www.santamargherita.net\/magazine\/#organization\",\"name\":\"Santa Margherita MAG\",\"url\":\"https:\/\/www.santamargherita.net\/magazine\/\",\"logo\":{\"@type\":\"ImageObject\",\"inLanguage\":\"it-IT\",\"@id\":\"https:\/\/www.santamargherita.net\/magazine\/#\/schema\/logo\/image\/\",\"url\":\"https:\/\/www.santamargherita.net\/magazine\/wp-content\/uploads\/2018\/10\/m.jpg\",\"contentUrl\":\"https:\/\/www.santamargherita.net\/magazine\/wp-content\/uploads\/2018\/10\/m.jpg\",\"width\":179,\"height\":179,\"caption\":\"Santa Margherita MAG\"},\"image\":{\"@id\":\"https:\/\/www.santamargherita.net\/magazine\/#\/schema\/logo\/image\/\"}},{\"@type\":\"Person\",\"@id\":\"https:\/\/www.santamargherita.net\/magazine\/#\/schema\/person\/99212abdc26c7165720e9e851e62ea4e\",\"name\":\"Pierluigi Pavan\",\"image\":{\"@type\":\"ImageObject\",\"inLanguage\":\"it-IT\",\"@id\":\"https:\/\/www.santamargherita.net\/magazine\/#\/schema\/person\/image\/\",\"url\":\"https:\/\/secure.gravatar.com\/avatar\/7ce6bf6e783e0629e8b9ac6ac803dbfdce406d0b088ee339a1071ee5b83931c0?s=96&d=mm&r=g\",\"contentUrl\":\"https:\/\/secure.gravatar.com\/avatar\/7ce6bf6e783e0629e8b9ac6ac803dbfdce406d0b088ee339a1071ee5b83931c0?s=96&d=mm&r=g\",\"caption\":\"Pierluigi Pavan\"},\"url\":\"https:\/\/www.santamargherita.net\/magazine\/author\/sm_admin\/\"}]}<\/script>\n<!-- \/ Yoast SEO plugin. -->","yoast_head_json":{"title":"Un\u2019isola da sogno: Santamargherita su Weranda Magazine","description":"I materiali Santamargherita al centro della cucina pubblicata su Weranda Magazine mensile polacco di interni, home d\u00e9cor e lifestyle","robots":{"index":"index","follow":"follow","max-snippet":"max-snippet:-1","max-image-preview":"max-image-preview:large","max-video-preview":"max-video-preview:-1"},"canonical":"https:\/\/www.santamargherita.net\/magazine\/weranda-magazine\/","og_locale":"it_IT","og_type":"article","og_title":"Un\u2019isola da sogno: Santamargherita su Weranda Magazine","og_description":"I materiali Santamargherita al centro della cucina pubblicata su Weranda Magazine mensile polacco di interni, home d\u00e9cor e lifestyle","og_url":"https:\/\/www.santamargherita.net\/magazine\/weranda-magazine\/","og_site_name":"SantamargheritaMAG","article_published_time":"2023-06-30T15:22:57+00:00","article_modified_time":"2023-06-30T15:23:00+00:00","og_image":[{"width":1024,"height":546,"url":"https:\/\/www.santamargherita.net\/magazine\/wp-content\/uploads\/2023\/06\/Weranda-1024x546.png","type":"image\/png"}],"author":"Pierluigi Pavan","twitter_card":"summary_large_image","twitter_misc":{"Scritto da":"Pierluigi Pavan","Tempo di lettura stimato":"2 minuti"},"schema":{"@context":"https:\/\/schema.org","@graph":[{"@type":"Article","@id":"https:\/\/www.santamargherita.net\/magazine\/weranda-magazine\/#article","isPartOf":{"@id":"https:\/\/www.santamargherita.net\/magazine\/weranda-magazine\/"},"author":{"name":"Pierluigi Pavan","@id":"https:\/\/www.santamargherita.net\/magazine\/#\/schema\/person\/99212abdc26c7165720e9e851e62ea4e"},"headline":"Un\u2019isola da sogno: Santamargherita su Weranda Magazine","datePublished":"2023-06-30T15:22:57+00:00","dateModified":"2023-06-30T15:23:00+00:00","mainEntityOfPage":{"@id":"https:\/\/www.santamargherita.net\/magazine\/weranda-magazine\/"},"wordCount":288,"publisher":{"@id":"https:\/\/www.santamargherita.net\/magazine\/#organization"},"image":{"@id":"https:\/\/www.santamargherita.net\/magazine\/weranda-magazine\/#primaryimage"},"thumbnailUrl":"https:\/\/www.santamargherita.net\/magazine\/wp-content\/uploads\/2023\/06\/Weranda.png","articleSection":["Cucina"],"inLanguage":"it-IT"},{"@type":"WebPage","@id":"https:\/\/www.santamargherita.net\/magazine\/weranda-magazine\/","url":"https:\/\/www.santamargherita.net\/magazine\/weranda-magazine\/","name":"Un\u2019isola da sogno: Santamargherita su Weranda Magazine","isPartOf":{"@id":"https:\/\/www.santamargherita.net\/magazine\/#website"},"primaryImageOfPage":{"@id":"https:\/\/www.santamargherita.net\/magazine\/weranda-magazine\/#primaryimage"},"image":{"@id":"https:\/\/www.santamargherita.net\/magazine\/weranda-magazine\/#primaryimage"},"thumbnailUrl":"https:\/\/www.santamargherita.net\/magazine\/wp-content\/uploads\/2023\/06\/Weranda.png","datePublished":"2023-06-30T15:22:57+00:00","dateModified":"2023-06-30T15:23:00+00:00","description":"I materiali Santamargherita al centro della cucina pubblicata su Weranda Magazine mensile polacco di interni, home d\u00e9cor e lifestyle","breadcrumb":{"@id":"https:\/\/www.santamargherita.net\/magazine\/weranda-magazine\/#breadcrumb"},"inLanguage":"it-IT","potentialAction":[{"@type":"ReadAction","target":["https:\/\/www.santamargherita.net\/magazine\/weranda-magazine\/"]}]},{"@type":"ImageObject","inLanguage":"it-IT","@id":"https:\/\/www.santamargherita.net\/magazine\/weranda-magazine\/#primaryimage","url":"https:\/\/www.santamargherita.net\/magazine\/wp-content\/uploads\/2023\/06\/Weranda.png","contentUrl":"https:\/\/www.santamargherita.net\/magazine\/wp-content\/uploads\/2023\/06\/Weranda.png","width":1920,"height":1024},{"@type":"BreadcrumbList","@id":"https:\/\/www.santamargherita.net\/magazine\/weranda-magazine\/#breadcrumb","itemListElement":[{"@type":"ListItem","position":1,"name":"Home","item":"https:\/\/www.santamargherita.net\/magazine\/"},{"@type":"ListItem","position":2,"name":"Un\u2019isola da sogno: Santamargherita su Weranda Magazine"}]},{"@type":"WebSite","@id":"https:\/\/www.santamargherita.net\/magazine\/#website","url":"https:\/\/www.santamargherita.net\/magazine\/","name":"SantamargheritaMAG","description":"The Original Italian Surface","publisher":{"@id":"https:\/\/www.santamargherita.net\/magazine\/#organization"},"potentialAction":[{"@type":"SearchAction","target":{"@type":"EntryPoint","urlTemplate":"https:\/\/www.santamargherita.net\/magazine\/?s={search_term_string}"},"query-input":{"@type":"PropertyValueSpecification","valueRequired":true,"valueName":"search_term_string"}}],"inLanguage":"it-IT"},{"@type":"Organization","@id":"https:\/\/www.santamargherita.net\/magazine\/#organization","name":"Santa Margherita MAG","url":"https:\/\/www.santamargherita.net\/magazine\/","logo":{"@type":"ImageObject","inLanguage":"it-IT","@id":"https:\/\/www.santamargherita.net\/magazine\/#\/schema\/logo\/image\/","url":"https:\/\/www.santamargherita.net\/magazine\/wp-content\/uploads\/2018\/10\/m.jpg","contentUrl":"https:\/\/www.santamargherita.net\/magazine\/wp-content\/uploads\/2018\/10\/m.jpg","width":179,"height":179,"caption":"Santa Margherita MAG"},"image":{"@id":"https:\/\/www.santamargherita.net\/magazine\/#\/schema\/logo\/image\/"}},{"@type":"Person","@id":"https:\/\/www.santamargherita.net\/magazine\/#\/schema\/person\/99212abdc26c7165720e9e851e62ea4e","name":"Pierluigi Pavan","image":{"@type":"ImageObject","inLanguage":"it-IT","@id":"https:\/\/www.santamargherita.net\/magazine\/#\/schema\/person\/image\/","url":"https:\/\/secure.gravatar.com\/avatar\/7ce6bf6e783e0629e8b9ac6ac803dbfdce406d0b088ee339a1071ee5b83931c0?s=96&d=mm&r=g","contentUrl":"https:\/\/secure.gravatar.com\/avatar\/7ce6bf6e783e0629e8b9ac6ac803dbfdce406d0b088ee339a1071ee5b83931c0?s=96&d=mm&r=g","caption":"Pierluigi Pavan"},"url":"https:\/\/www.santamargherita.net\/magazine\/author\/sm_admin\/"}]}},"_links":{"self":[{"href":"https:\/\/www.santamargherita.net\/magazine\/wp-json\/wp\/v2\/posts\/23408","targetHints":{"allow":["GET"]}}],"collection":[{"href":"https:\/\/www.santamargherita.net\/magazine\/wp-json\/wp\/v2\/posts"}],"about":[{"href":"https:\/\/www.santamargherita.net\/magazine\/wp-json\/wp\/v2\/types\/post"}],"author":[{"embeddable":true,"href":"https:\/\/www.santamargherita.net\/magazine\/wp-json\/wp\/v2\/users\/3"}],"replies":[{"embeddable":true,"href":"https:\/\/www.santamargherita.net\/magazine\/wp-json\/wp\/v2\/comments?post=23408"}],"version-history":[{"count":1,"href":"https:\/\/www.santamargherita.net\/magazine\/wp-json\/wp\/v2\/posts\/23408\/revisions"}],"predecessor-version":[{"id":23415,"href":"https:\/\/www.santamargherita.net\/magazine\/wp-json\/wp\/v2\/posts\/23408\/revisions\/23415"}],"wp:featuredmedia":[{"embeddable":true,"href":"https:\/\/www.santamargherita.net\/magazine\/wp-json\/wp\/v2\/media\/23413"}],"wp:attachment":[{"href":"https:\/\/www.santamargherita.net\/magazine\/wp-json\/wp\/v2\/media?parent=23408"}],"wp:term":[{"taxonomy":"category","embeddable":true,"href":"https:\/\/www.santamargherita.net\/magazine\/wp-json\/wp\/v2\/categories?post=23408"},{"taxonomy":"post_tag","embeddable":true,"href":"https:\/\/www.santamargherita.net\/magazine\/wp-json\/wp\/v2\/tags?post=23408"}],"curies":[{"name":"wp","href":"https:\/\/api.w.org\/{rel}","templated":true}]}}